{"id":5572,"date":"2024-07-24T10:48:15","date_gmt":"2024-07-24T13:48:15","guid":{"rendered":"https:\/\/nordesteimprensa.com.br\/?p=5572"},"modified":"2024-07-24T10:48:16","modified_gmt":"2024-07-24T13:48:16","slug":"homem-e-preso-em-flagrante-por-furtar-fiacao-eletrica-de-poste","status":"publish","type":"post","link":"https:\/\/nordesteimprensa.com.br\/index.php\/2024\/07\/24\/homem-e-preso-em-flagrante-por-furtar-fiacao-eletrica-de-poste\/","title":{"rendered":"Homem \u00e9 preso em flagrante por furtar fia\u00e7\u00e3o el\u00e9trica de poste"},"content":{"rendered":"\n<p>Um homem foi preso em flagrante por furtar uma grande quantidade de fia\u00e7\u00e3o el\u00e9trica de um poste, localizado na rua Vila Cristina, nas imedia\u00e7\u00f5es da Av. Augusto Maynard. O crime foi registrado na madrugada desta quarta-feira, 24, por uma equipe da Pol\u00edcia Militar.<\/p>\n\n\n\n<p>Segundo a Pol\u00edcia Militar, os policiais chegaram ao local ap\u00f3s den\u00fancia de um morador da regi\u00e3o. No endere\u00e7o, foram encontrados v\u00e1rios peda\u00e7os longos de cabos, aparentemente de a\u00e7o, espalhados pelo ch\u00e3o. No entanto, o suspeito n\u00e3o estava presente.<\/p>\n\n\n\n<p>Diante dessa situa\u00e7\u00e3o, os policiais decidiram realizar uma ronda nas proximidades na tentativa de localizar o suspeito. Durante a busca, a guarni\u00e7\u00e3o recebeu informa\u00e7\u00f5es do Centro Integrado de Opera\u00e7\u00f5es de Seguran\u00e7a P\u00fablica (Ciosp) de que o suspeito havia retornado ao local do furto.<\/p>\n\n\n\n<p>Ao voltar ao endere\u00e7o informado, os policiais avistaram o suspeito, que tentou fugir ao notar a presen\u00e7a da viatura. A tentativa de fuga, no entanto, foi frustrada, e o homem acabou sendo preso pela PM.<\/p>\n\n\n\n<p>O suspeito, juntamente com a bicicleta, a ferramenta e o material furtado, foi conduzido \u00e0 Central de Flagrantes.<\/p>\n\n\n\n<p>Fonte: Infonet<\/p>\n","protected":false},"excerpt":{"rendered":"<p>Um homem foi preso em flagrante por furtar uma grande quantidade de fia\u00e7\u00e3o el\u00e9trica de um poste, localizado na rua Vila Cristina, nas imedia\u00e7\u00f5es da Av. Augusto Maynard. O crime foi registrado na madrugada desta quarta-feira, 24, por uma equipe da Pol\u00edcia Militar. Segundo a Pol\u00edcia Militar, os policiais chegaram ao local ap\u00f3s den\u00fancia de [&hellip;]<\/p>\n","protected":false},"author":1,"featured_media":5573,"comment_status":"open","ping_status":"open","sticky":false,"template":"","format":"standard","meta":{"footnotes":""},"categories":[10],"tags":[],"class_list":{"0":"post-5572","1":"post","2":"type-post","3":"status-publish","4":"format-standard","5":"has-post-thumbnail","7":"category-theme-features"},"_links":{"self":[{"href":"https:\/\/nordesteimprensa.com.br\/index.php\/wp-json\/wp\/v2\/posts\/5572","targetHints":{"allow":["GET"]}}],"collection":[{"href":"https:\/\/nordesteimprensa.com.br\/index.php\/wp-json\/wp\/v2\/posts"}],"about":[{"href":"https:\/\/nordesteimprensa.com.br\/index.php\/wp-json\/wp\/v2\/types\/post"}],"author":[{"embeddable":true,"href":"https:\/\/nordesteimprensa.com.br\/index.php\/wp-json\/wp\/v2\/users\/1"}],"replies":[{"embeddable":true,"href":"https:\/\/nordesteimprensa.com.br\/index.php\/wp-json\/wp\/v2\/comments?post=5572"}],"version-history":[{"count":1,"href":"https:\/\/nordesteimprensa.com.br\/index.php\/wp-json\/wp\/v2\/posts\/5572\/revisions"}],"predecessor-version":[{"id":5574,"href":"https:\/\/nordesteimprensa.com.br\/index.php\/wp-json\/wp\/v2\/posts\/5572\/revisions\/5574"}],"wp:featuredmedia":[{"embeddable":true,"href":"https:\/\/nordesteimprensa.com.br\/index.php\/wp-json\/wp\/v2\/media\/5573"}],"wp:attachment":[{"href":"https:\/\/nordesteimprensa.com.br\/index.php\/wp-json\/wp\/v2\/media?parent=5572"}],"wp:term":[{"taxonomy":"category","embeddable":true,"href":"https:\/\/nordesteimprensa.com.br\/index.php\/wp-json\/wp\/v2\/categories?post=5572"},{"taxonomy":"post_tag","embeddable":true,"href":"https:\/\/nordesteimprensa.com.br\/index.php\/wp-json\/wp\/v2\/tags?post=5572"}],"curies":[{"name":"wp","href":"https:\/\/api.w.org\/{rel}","templated":true}]}}