{"id":5575,"date":"2024-07-24T16:06:55","date_gmt":"2024-07-24T19:06:55","guid":{"rendered":"https:\/\/nordesteimprensa.com.br\/?p=5575"},"modified":"2024-07-24T16:06:56","modified_gmt":"2024-07-24T19:06:56","slug":"suspeito-de-matar-ex-integrante-de-banda-de-forro-em-se-e-preso-na-ba","status":"publish","type":"post","link":"https:\/\/nordesteimprensa.com.br\/index.php\/2024\/07\/24\/suspeito-de-matar-ex-integrante-de-banda-de-forro-em-se-e-preso-na-ba\/","title":{"rendered":"Suspeito de matar ex-integrante de banda de forr\u00f3 em SE \u00e9 preso na BA"},"content":{"rendered":"\n<p>O Departamento de Homic\u00eddios e Prote\u00e7\u00e3o \u00e0 Pessoa (DHPP) cumpriu o mandado de pris\u00e3o contra um homem investigado pelo homic\u00eddio que vitimou um\u00a0ex-integrante da banda de forr\u00f3 de Calcinha Preta, identificado como Jos\u00e9 Aparecido da Silva, conhecido como \u2018Sidney\u2019.<\/p>\n\n\n\n<p>O crime ocorreu no loteamento Parque dos Far\u00f3is, em Nossa Senhora do Socorro. A a\u00e7\u00e3o policial ocorreu em a\u00e7\u00e3o conjunta com a Pol\u00edcia da Bahia, em Feira de Santana (BA) e foi divulgada nesta quarta-feira, 24.<\/p>\n\n\n\n<p>De acordo com as informa\u00e7\u00f5es policiais, o investigado esfaqueou a v\u00edtima at\u00e9 a morte, no dia 4 de novembro de 2021. Ap\u00f3s investiga\u00e7\u00e3o, o DHPP identificou o suspeito do crime e solicitou o mandado de pris\u00e3o \u00e0 Justi\u00e7a.<\/p>\n\n\n\n<p>Conforme apura\u00e7\u00e3o policial, o investigado mantinha um relacionamento amoroso com a v\u00edtima. O crime foi motivado por desaven\u00e7as entre o casal.<\/p>\n\n\n\n<p>A Pol\u00edcia Civil solicita que informa\u00e7\u00f5es e den\u00fancias sobre crimes e suspeitos de a\u00e7\u00f5es criminosas sejam repassadas \u00e0 pol\u00edcia por meio do Disque-Den\u00fancia, no telefone 181. O sigilo do denunciante \u00e9 garantido.<\/p>\n\n\n\n<p>Fonte: Infonet<\/p>\n","protected":false},"excerpt":{"rendered":"<p>O Departamento de Homic\u00eddios e Prote\u00e7\u00e3o \u00e0 Pessoa (DHPP) cumpriu o mandado de pris\u00e3o contra um homem investigado pelo homic\u00eddio que vitimou um\u00a0ex-integrante da banda de forr\u00f3 de Calcinha Preta, identificado como Jos\u00e9 Aparecido da Silva, conhecido como \u2018Sidney\u2019. O crime ocorreu no loteamento Parque dos Far\u00f3is, em Nossa Senhora do Socorro. A a\u00e7\u00e3o policial [&hellip;]<\/p>\n","protected":false},"author":1,"featured_media":5576,"comment_status":"open","ping_status":"open","sticky":false,"template":"","format":"standard","meta":{"footnotes":""},"categories":[10],"tags":[],"class_list":{"0":"post-5575","1":"post","2":"type-post","3":"status-publish","4":"format-standard","5":"has-post-thumbnail","7":"category-theme-features"},"_links":{"self":[{"href":"https:\/\/nordesteimprensa.com.br\/index.php\/wp-json\/wp\/v2\/posts\/5575","targetHints":{"allow":["GET"]}}],"collection":[{"href":"https:\/\/nordesteimprensa.com.br\/index.php\/wp-json\/wp\/v2\/posts"}],"about":[{"href":"https:\/\/nordesteimprensa.com.br\/index.php\/wp-json\/wp\/v2\/types\/post"}],"author":[{"embeddable":true,"href":"https:\/\/nordesteimprensa.com.br\/index.php\/wp-json\/wp\/v2\/users\/1"}],"replies":[{"embeddable":true,"href":"https:\/\/nordesteimprensa.com.br\/index.php\/wp-json\/wp\/v2\/comments?post=5575"}],"version-history":[{"count":1,"href":"https:\/\/nordesteimprensa.com.br\/index.php\/wp-json\/wp\/v2\/posts\/5575\/revisions"}],"predecessor-version":[{"id":5577,"href":"https:\/\/nordesteimprensa.com.br\/index.php\/wp-json\/wp\/v2\/posts\/5575\/revisions\/5577"}],"wp:featuredmedia":[{"embeddable":true,"href":"https:\/\/nordesteimprensa.com.br\/index.php\/wp-json\/wp\/v2\/media\/5576"}],"wp:attachment":[{"href":"https:\/\/nordesteimprensa.com.br\/index.php\/wp-json\/wp\/v2\/media?parent=5575"}],"wp:term":[{"taxonomy":"category","embeddable":true,"href":"https:\/\/nordesteimprensa.com.br\/index.php\/wp-json\/wp\/v2\/categories?post=5575"},{"taxonomy":"post_tag","embeddable":true,"href":"https:\/\/nordesteimprensa.com.br\/index.php\/wp-json\/wp\/v2\/tags?post=5575"}],"curies":[{"name":"wp","href":"https:\/\/api.w.org\/{rel}","templated":true}]}}