{"id":5581,"date":"2024-07-25T11:54:11","date_gmt":"2024-07-25T14:54:11","guid":{"rendered":"https:\/\/nordesteimprensa.com.br\/?p=5581"},"modified":"2024-07-25T11:54:11","modified_gmt":"2024-07-25T14:54:11","slug":"dupla-e-presa-em-flagrante-apos-furtar-forno-industrial-na-atalaia","status":"publish","type":"post","link":"https:\/\/nordesteimprensa.com.br\/index.php\/2024\/07\/25\/dupla-e-presa-em-flagrante-apos-furtar-forno-industrial-na-atalaia\/","title":{"rendered":"Dupla \u00e9 presa em flagrante ap\u00f3s furtar forno industrial na Atalaia"},"content":{"rendered":"\n<p>Um dupla foi presa em flagrante por policiais militares ap\u00f3s furtar um estabelecimento comercial do bairro Atalaia \u2013 zona sul de Aracaju. Com os suspeitos foram apreendidos um forno industrial, cadeiras de madeira, fia\u00e7\u00f5es el\u00e9tricas e uma tubula\u00e7\u00e3o de cobre retirada de uma geladeira.<\/p>\n\n\n\n<p>A a\u00e7\u00e3o da Pol\u00edcia Militar que resultou na pris\u00e3o da dupla foi realizada na madrugada nesta quinta-feira, 25, durante a opera\u00e7\u00e3o \u201cMadrugada Segura\u201d, organizada pelos batalh\u00f5es da Grande Aracaju.<\/p>\n\n\n\n<p>Ainda segundo a PM, os suspeitos foram encaminhados e apresentados na Central de Flagrantes e todas as demais medidas legais foram adotadas.<\/p>\n\n\n\n<p>Al\u00e9m da pris\u00e3o em flagrante, os policiais tamb\u00e9m realizaram durante a madrugada a\u00e7\u00f5es de blitz, de abordagem a transeuntes, a ve\u00edculos de passeio, a ve\u00edculos que realizam transporte de pessoas por meio de aplicativos e tamb\u00e9m policiou regi\u00f5es com pouca circula\u00e7\u00e3o de pessoas com o intuito de prevenir o cometimento de furtos e outros crimes.<\/p>\n\n\n\n<p>A \u201cOpera\u00e7\u00e3o Madrugada Segura\u201d continuar\u00e1 ocorrendo em toda a Grande Aracaju nos pr\u00f3ximos dias e a popula\u00e7\u00e3o pode fazer den\u00fancias atrav\u00e9s dos n\u00fameros 190 ou 181.<\/p>\n\n\n\n<p>Fonte: Infonet<\/p>\n","protected":false},"excerpt":{"rendered":"<p>Um dupla foi presa em flagrante por policiais militares ap\u00f3s furtar um estabelecimento comercial do bairro Atalaia \u2013 zona sul de Aracaju. Com os suspeitos foram apreendidos um forno industrial, cadeiras de madeira, fia\u00e7\u00f5es el\u00e9tricas e uma tubula\u00e7\u00e3o de cobre retirada de uma geladeira. A a\u00e7\u00e3o da Pol\u00edcia Militar que resultou na pris\u00e3o da dupla [&hellip;]<\/p>\n","protected":false},"author":1,"featured_media":5582,"comment_status":"open","ping_status":"open","sticky":false,"template":"","format":"standard","meta":{"footnotes":""},"categories":[10],"tags":[],"class_list":{"0":"post-5581","1":"post","2":"type-post","3":"status-publish","4":"format-standard","5":"has-post-thumbnail","7":"category-theme-features"},"_links":{"self":[{"href":"https:\/\/nordesteimprensa.com.br\/index.php\/wp-json\/wp\/v2\/posts\/5581","targetHints":{"allow":["GET"]}}],"collection":[{"href":"https:\/\/nordesteimprensa.com.br\/index.php\/wp-json\/wp\/v2\/posts"}],"about":[{"href":"https:\/\/nordesteimprensa.com.br\/index.php\/wp-json\/wp\/v2\/types\/post"}],"author":[{"embeddable":true,"href":"https:\/\/nordesteimprensa.com.br\/index.php\/wp-json\/wp\/v2\/users\/1"}],"replies":[{"embeddable":true,"href":"https:\/\/nordesteimprensa.com.br\/index.php\/wp-json\/wp\/v2\/comments?post=5581"}],"version-history":[{"count":1,"href":"https:\/\/nordesteimprensa.com.br\/index.php\/wp-json\/wp\/v2\/posts\/5581\/revisions"}],"predecessor-version":[{"id":5583,"href":"https:\/\/nordesteimprensa.com.br\/index.php\/wp-json\/wp\/v2\/posts\/5581\/revisions\/5583"}],"wp:featuredmedia":[{"embeddable":true,"href":"https:\/\/nordesteimprensa.com.br\/index.php\/wp-json\/wp\/v2\/media\/5582"}],"wp:attachment":[{"href":"https:\/\/nordesteimprensa.com.br\/index.php\/wp-json\/wp\/v2\/media?parent=5581"}],"wp:term":[{"taxonomy":"category","embeddable":true,"href":"https:\/\/nordesteimprensa.com.br\/index.php\/wp-json\/wp\/v2\/categories?post=5581"},{"taxonomy":"post_tag","embeddable":true,"href":"https:\/\/nordesteimprensa.com.br\/index.php\/wp-json\/wp\/v2\/tags?post=5581"}],"curies":[{"name":"wp","href":"https:\/\/api.w.org\/{rel}","templated":true}]}}