{"id":5584,"date":"2024-07-25T11:56:32","date_gmt":"2024-07-25T14:56:32","guid":{"rendered":"https:\/\/nordesteimprensa.com.br\/?p=5584"},"modified":"2024-07-25T11:56:33","modified_gmt":"2024-07-25T14:56:33","slug":"homem-e-preso-por-estupro-virtual-e-extorsao-de-adolescentes-em-se","status":"publish","type":"post","link":"https:\/\/nordesteimprensa.com.br\/index.php\/2024\/07\/25\/homem-e-preso-por-estupro-virtual-e-extorsao-de-adolescentes-em-se\/","title":{"rendered":"Homem \u00e9 preso por estupro virtual e extors\u00e3o de adolescentes em SE"},"content":{"rendered":"\n<p>Em opera\u00e7\u00e3o da Pol\u00edcia Civil de Sergipe, um homem investigado pelo crimes de estupro de menor por meio virtual e extors\u00e3o foi detido em cumprimento a mandado de pris\u00e3o no bairro do Candeal, em Salvador, nesta quinta-feira, 25.<\/p>\n\n\n\n<p>Conforme investiga\u00e7\u00e3o de Sergipe, conduzida pela Delegacia de Riachuelo, com o apoio da Divis\u00e3o de Intelig\u00eancia (Dipol), uma das v\u00edtimas \u00e9 adolescente e sofreu com a investida criminosa do investigado por quatro anos.<\/p>\n\n\n\n<p>De acordo com o delegado Jo\u00e3o Martins, a investiga\u00e7\u00e3o teve inicio em outubro de 2023, para apurar um crime de estupro por meio virtual de menor de idade e extors\u00e3o. \u201cAtrav\u00e9s de medidas cautelares investigativas, chegou-se ao investigado, no bairro Candeal, pr\u00f3ximo a Brotas, em Salvador\u201d, explicou. Durante a investiga\u00e7\u00e3o, foram identificadas diversas v\u00edtimas pelo pa\u00eds.<\/p>\n\n\n\n<p>A partir dessa elucida\u00e7\u00e3o da pr\u00e1tica do crime, foi representada e deferida a pris\u00e3o preventiva. Na manh\u00e3 desta quinta, 25, em opera\u00e7\u00e3o conjunta entre as pol\u00edcias Civil de Sergipe e da Bahia, o investigado foi encontrado e preso. Al\u00e9m da pris\u00e3o do investigado, durante a a\u00e7\u00e3o policial tamb\u00e9m foram apreendidos dispositivos eletr\u00f4nicos que ser\u00e3o encaminhados \u00e0 per\u00edcia.<\/p>\n\n\n\n<p>O investigado dever\u00e1 &nbsp;ser recambiado para Sergipe, ap\u00f3s audi\u00eancia de cust\u00f3dia na Bahia. \u201cE os trabalhos ir\u00e3o continuar para chegar \u00e0s outras v\u00edtimas e trazer esse al\u00edvio a todas elas, que eram obrigadas a fazer v\u00eddeos de rosto e corpo, diante de amea\u00e7as de divulga\u00e7\u00e3o de outras imagens das v\u00edtimas na internet\u201d, complementou Jo\u00e3o Martins.<\/p>\n\n\n\n<p>Al\u00e9m do apoio operacional da Pol\u00edcia Civil da Bahia, a Pol\u00edcia Civil de Sergipe contou com o aux\u00edlio do Departamento Especializado de Investiga\u00e7\u00f5es Criminais (Deic\/PCBA) e Delegacia Especial de Repress\u00e3o aos Crimes contra a Crian\u00e7a e o Adolescente (Dercca\/PCBA).<\/p>\n\n\n\n<p>Fonte: Infonet<\/p>\n","protected":false},"excerpt":{"rendered":"<p>Em opera\u00e7\u00e3o da Pol\u00edcia Civil de Sergipe, um homem investigado pelo crimes de estupro de menor por meio virtual e extors\u00e3o foi detido em cumprimento a mandado de pris\u00e3o no bairro do Candeal, em Salvador, nesta quinta-feira, 25. Conforme investiga\u00e7\u00e3o de Sergipe, conduzida pela Delegacia de Riachuelo, com o apoio da Divis\u00e3o de Intelig\u00eancia (Dipol), [&hellip;]<\/p>\n","protected":false},"author":1,"featured_media":5585,"comment_status":"open","ping_status":"open","sticky":false,"template":"","format":"standard","meta":{"footnotes":""},"categories":[10],"tags":[],"class_list":{"0":"post-5584","1":"post","2":"type-post","3":"status-publish","4":"format-standard","5":"has-post-thumbnail","7":"category-theme-features"},"_links":{"self":[{"href":"https:\/\/nordesteimprensa.com.br\/index.php\/wp-json\/wp\/v2\/posts\/5584","targetHints":{"allow":["GET"]}}],"collection":[{"href":"https:\/\/nordesteimprensa.com.br\/index.php\/wp-json\/wp\/v2\/posts"}],"about":[{"href":"https:\/\/nordesteimprensa.com.br\/index.php\/wp-json\/wp\/v2\/types\/post"}],"author":[{"embeddable":true,"href":"https:\/\/nordesteimprensa.com.br\/index.php\/wp-json\/wp\/v2\/users\/1"}],"replies":[{"embeddable":true,"href":"https:\/\/nordesteimprensa.com.br\/index.php\/wp-json\/wp\/v2\/comments?post=5584"}],"version-history":[{"count":1,"href":"https:\/\/nordesteimprensa.com.br\/index.php\/wp-json\/wp\/v2\/posts\/5584\/revisions"}],"predecessor-version":[{"id":5586,"href":"https:\/\/nordesteimprensa.com.br\/index.php\/wp-json\/wp\/v2\/posts\/5584\/revisions\/5586"}],"wp:featuredmedia":[{"embeddable":true,"href":"https:\/\/nordesteimprensa.com.br\/index.php\/wp-json\/wp\/v2\/media\/5585"}],"wp:attachment":[{"href":"https:\/\/nordesteimprensa.com.br\/index.php\/wp-json\/wp\/v2\/media?parent=5584"}],"wp:term":[{"taxonomy":"category","embeddable":true,"href":"https:\/\/nordesteimprensa.com.br\/index.php\/wp-json\/wp\/v2\/categories?post=5584"},{"taxonomy":"post_tag","embeddable":true,"href":"https:\/\/nordesteimprensa.com.br\/index.php\/wp-json\/wp\/v2\/tags?post=5584"}],"curies":[{"name":"wp","href":"https:\/\/api.w.org\/{rel}","templated":true}]}}