{"id":5591,"date":"2024-07-25T11:04:00","date_gmt":"2024-07-25T14:04:00","guid":{"rendered":"https:\/\/nordesteimprensa.com.br\/?p=5591"},"modified":"2024-07-25T12:07:46","modified_gmt":"2024-07-25T15:07:46","slug":"escola-de-governo-abre-inscricoes-para-capacitar-servidores-no-uso-do-e-doc-sergipe","status":"publish","type":"post","link":"https:\/\/nordesteimprensa.com.br\/index.php\/2024\/07\/25\/escola-de-governo-abre-inscricoes-para-capacitar-servidores-no-uso-do-e-doc-sergipe\/","title":{"rendered":"Escola de Governo abre Inscri\u00e7\u00f5es para capacitar servidores no uso do e-Doc Sergipe"},"content":{"rendered":"\n<p>A Escola de Administra\u00e7\u00e3o P\u00fablica e Governamental de Sergipe (Esapgese), vinculada \u00e0 Secretaria de Estado da Administra\u00e7\u00e3o (Sead), oferece treinamento para qualificar os servidores da administra\u00e7\u00e3o p\u00fablica estadual no uso da ferramenta e-Doc. O treinamento acontecer\u00e1 no dia 8 de agosto, das 7h30 \u00e0s 12h30, no laborat\u00f3rio da Escola de Governo. As inscri\u00e7\u00f5es podem ser realizadas&nbsp;<a href=\"http:\/\/sisoc.escola.se.gov.br\/cursosAbertos\">no portal da Esapgese<\/a>.&nbsp;<\/p>\n\n\n\n<p>O diretor da Escola de Governo, Wellington Mangueira, refor\u00e7a o compromisso da gest\u00e3o estadual em investir na capacita\u00e7\u00e3o dos servidores, visando a ado\u00e7\u00e3o de tecnologias que promovam a agilidade e aprimorem os processos administrativos.&nbsp;<\/p>\n\n\n\n<p>O treinamento ser\u00e1 ministrado pelo instrutor Ernesto Paulo, que fornecer\u00e1 conhecimentos b\u00e1sicos para facilitar a transi\u00e7\u00e3o para o uso eficiente do e-Doc Sergipe. &#8220;Essa ferramenta representa uma moderniza\u00e7\u00e3o significativa na administra\u00e7\u00e3o p\u00fablica&#8221;, disse o instrutor, destacando que permite a cria\u00e7\u00e3o e tramita\u00e7\u00e3o virtual de documentos, contribuindo n\u00e3o apenas para a efici\u00eancia, mas tamb\u00e9m para a produtividade do trabalho.<\/p>\n\n\n\n<p>fonte: Governo de SE<\/p>\n\n\n\n<p><\/p>\n\n\n\n<p><\/p>\n\n\n\n<p><\/p>\n","protected":false},"excerpt":{"rendered":"<p>A Escola de Administra\u00e7\u00e3o P\u00fablica e Governamental de Sergipe (Esapgese), vinculada \u00e0 Secretaria de Estado da Administra\u00e7\u00e3o (Sead), oferece treinamento para qualificar os servidores da administra\u00e7\u00e3o p\u00fablica estadual no uso da ferramenta e-Doc. O treinamento acontecer\u00e1 no dia 8 de agosto, das 7h30 \u00e0s 12h30, no laborat\u00f3rio da Escola de Governo. As inscri\u00e7\u00f5es podem ser [&hellip;]<\/p>\n","protected":false},"author":1,"featured_media":5592,"comment_status":"open","ping_status":"open","sticky":false,"template":"","format":"standard","meta":{"footnotes":""},"categories":[10],"tags":[],"class_list":{"0":"post-5591","1":"post","2":"type-post","3":"status-publish","4":"format-standard","5":"has-post-thumbnail","7":"category-theme-features"},"_links":{"self":[{"href":"https:\/\/nordesteimprensa.com.br\/index.php\/wp-json\/wp\/v2\/posts\/5591","targetHints":{"allow":["GET"]}}],"collection":[{"href":"https:\/\/nordesteimprensa.com.br\/index.php\/wp-json\/wp\/v2\/posts"}],"about":[{"href":"https:\/\/nordesteimprensa.com.br\/index.php\/wp-json\/wp\/v2\/types\/post"}],"author":[{"embeddable":true,"href":"https:\/\/nordesteimprensa.com.br\/index.php\/wp-json\/wp\/v2\/users\/1"}],"replies":[{"embeddable":true,"href":"https:\/\/nordesteimprensa.com.br\/index.php\/wp-json\/wp\/v2\/comments?post=5591"}],"version-history":[{"count":1,"href":"https:\/\/nordesteimprensa.com.br\/index.php\/wp-json\/wp\/v2\/posts\/5591\/revisions"}],"predecessor-version":[{"id":5593,"href":"https:\/\/nordesteimprensa.com.br\/index.php\/wp-json\/wp\/v2\/posts\/5591\/revisions\/5593"}],"wp:featuredmedia":[{"embeddable":true,"href":"https:\/\/nordesteimprensa.com.br\/index.php\/wp-json\/wp\/v2\/media\/5592"}],"wp:attachment":[{"href":"https:\/\/nordesteimprensa.com.br\/index.php\/wp-json\/wp\/v2\/media?parent=5591"}],"wp:term":[{"taxonomy":"category","embeddable":true,"href":"https:\/\/nordesteimprensa.com.br\/index.php\/wp-json\/wp\/v2\/categories?post=5591"},{"taxonomy":"post_tag","embeddable":true,"href":"https:\/\/nordesteimprensa.com.br\/index.php\/wp-json\/wp\/v2\/tags?post=5591"}],"curies":[{"name":"wp","href":"https:\/\/api.w.org\/{rel}","templated":true}]}}