{"id":5594,"date":"2024-07-26T11:49:44","date_gmt":"2024-07-26T14:49:44","guid":{"rendered":"https:\/\/nordesteimprensa.com.br\/?p=5594"},"modified":"2024-07-26T11:50:47","modified_gmt":"2024-07-26T14:50:47","slug":"mulher-e-levada-para-terreno-baldio-durante-tentativa-de-feminicidio","status":"publish","type":"post","link":"https:\/\/nordesteimprensa.com.br\/index.php\/2024\/07\/26\/mulher-e-levada-para-terreno-baldio-durante-tentativa-de-feminicidio\/","title":{"rendered":"Mulher \u00e9 levada para terreno baldio durante tentativa de feminic\u00eddio"},"content":{"rendered":"\n<p>Uma mulher foi levada para um terreno baldio no mun\u00edcipio de Aquidab\u00e3 durante uma tentativa de feminic\u00eddio. O caso foi registrado no final da tarde desta quinta-feira, 25.<\/p>\n\n\n\n<p>A Pol\u00edcia Militar informou que o principal suspeito do crime \u00e9 o ex-companheiro da v\u00edtima. De acordo com o relato policial, a mulher estava em um bar da cidade quando o ex-marido chegou e a puxou pelos cabelos, levando-a para um terreno baldio. No local, a v\u00edtima foi agredida com socos e pontap\u00e9s.<\/p>\n\n\n\n<p>O suspeito foi detido pela PM e levado para uma delegacia da regi\u00e3o. Contra ele, j\u00e1 havia uma medida protetiva.<\/p>\n\n\n\n<p>Fonte: Infonet<\/p>\n","protected":false},"excerpt":{"rendered":"<p>Uma mulher foi levada para um terreno baldio no mun\u00edcipio de Aquidab\u00e3 durante uma tentativa de feminic\u00eddio. O caso foi registrado no final da tarde desta quinta-feira, 25. A Pol\u00edcia Militar informou que o principal suspeito do crime \u00e9 o ex-companheiro da v\u00edtima. De acordo com o relato policial, a mulher estava em um bar [&hellip;]<\/p>\n","protected":false},"author":1,"featured_media":5595,"comment_status":"open","ping_status":"open","sticky":false,"template":"","format":"standard","meta":{"footnotes":""},"categories":[10],"tags":[],"class_list":{"0":"post-5594","1":"post","2":"type-post","3":"status-publish","4":"format-standard","5":"has-post-thumbnail","7":"category-theme-features"},"_links":{"self":[{"href":"https:\/\/nordesteimprensa.com.br\/index.php\/wp-json\/wp\/v2\/posts\/5594","targetHints":{"allow":["GET"]}}],"collection":[{"href":"https:\/\/nordesteimprensa.com.br\/index.php\/wp-json\/wp\/v2\/posts"}],"about":[{"href":"https:\/\/nordesteimprensa.com.br\/index.php\/wp-json\/wp\/v2\/types\/post"}],"author":[{"embeddable":true,"href":"https:\/\/nordesteimprensa.com.br\/index.php\/wp-json\/wp\/v2\/users\/1"}],"replies":[{"embeddable":true,"href":"https:\/\/nordesteimprensa.com.br\/index.php\/wp-json\/wp\/v2\/comments?post=5594"}],"version-history":[{"count":2,"href":"https:\/\/nordesteimprensa.com.br\/index.php\/wp-json\/wp\/v2\/posts\/5594\/revisions"}],"predecessor-version":[{"id":5597,"href":"https:\/\/nordesteimprensa.com.br\/index.php\/wp-json\/wp\/v2\/posts\/5594\/revisions\/5597"}],"wp:featuredmedia":[{"embeddable":true,"href":"https:\/\/nordesteimprensa.com.br\/index.php\/wp-json\/wp\/v2\/media\/5595"}],"wp:attachment":[{"href":"https:\/\/nordesteimprensa.com.br\/index.php\/wp-json\/wp\/v2\/media?parent=5594"}],"wp:term":[{"taxonomy":"category","embeddable":true,"href":"https:\/\/nordesteimprensa.com.br\/index.php\/wp-json\/wp\/v2\/categories?post=5594"},{"taxonomy":"post_tag","embeddable":true,"href":"https:\/\/nordesteimprensa.com.br\/index.php\/wp-json\/wp\/v2\/tags?post=5594"}],"curies":[{"name":"wp","href":"https:\/\/api.w.org\/{rel}","templated":true}]}}