{"id":5605,"date":"2024-07-27T19:25:38","date_gmt":"2024-07-27T22:25:38","guid":{"rendered":"https:\/\/nordesteimprensa.com.br\/?p=5605"},"modified":"2024-07-27T19:25:38","modified_gmt":"2024-07-27T22:25:38","slug":"acidente-entre-carro-e-moto-deixa-uma-vitima-fatal-na-se-425","status":"publish","type":"post","link":"https:\/\/nordesteimprensa.com.br\/index.php\/2024\/07\/27\/acidente-entre-carro-e-moto-deixa-uma-vitima-fatal-na-se-425\/","title":{"rendered":"Acidente entre carro e moto deixa uma v\u00edtima fatal na SE-425"},"content":{"rendered":"\n<p>Uma colis\u00e3o entre um carro de passeio e uma motocicleta na rodovia SE-425 no munic\u00edpio de Cedro de S\u00e3o Jo\u00e3o, deixou uma v\u00edtima fatal. O caso ocorreu na noite da sexta-feira, 26.<\/p>\n\n\n\n<p>De acordo com o Batalh\u00e3o de Pol\u00edcia Rodovi\u00e1ria Estadual (BPRv), a equipe foi acionada, atrav\u00e9s do Centro Integrado de Opera\u00e7\u00f5es em Seguran\u00e7a P\u00fablica (Ciosp), para atender uma ocorr\u00eancia de colis\u00e3o frontal. Chegando ao local indicado, pr\u00f3ximo ao trevo da BR 101 Leste-Oeste, os policiais confirmaram o ocorrido.<\/p>\n\n\n\n<p>Conforme as apura\u00e7\u00f5es policiais, a motocicleta transitava no sentido Cedro de S\u00e3o Francisco\/BR-101 quando houve a colis\u00e3o com o ve\u00edculo de passeio. Com o impacto, o motociclista veio a \u00f3bito no local.<\/p>\n\n\n\n<p>Fonte: Infonet<\/p>\n","protected":false},"excerpt":{"rendered":"<p>Uma colis\u00e3o entre um carro de passeio e uma motocicleta na rodovia SE-425 no munic\u00edpio de Cedro de S\u00e3o Jo\u00e3o, deixou uma v\u00edtima fatal. O caso ocorreu na noite da sexta-feira, 26. De acordo com o Batalh\u00e3o de Pol\u00edcia Rodovi\u00e1ria Estadual (BPRv), a equipe foi acionada, atrav\u00e9s do Centro Integrado de Opera\u00e7\u00f5es em Seguran\u00e7a P\u00fablica [&hellip;]<\/p>\n","protected":false},"author":1,"featured_media":5606,"comment_status":"open","ping_status":"open","sticky":false,"template":"","format":"standard","meta":{"footnotes":""},"categories":[10],"tags":[],"class_list":{"0":"post-5605","1":"post","2":"type-post","3":"status-publish","4":"format-standard","5":"has-post-thumbnail","7":"category-theme-features"},"_links":{"self":[{"href":"https:\/\/nordesteimprensa.com.br\/index.php\/wp-json\/wp\/v2\/posts\/5605","targetHints":{"allow":["GET"]}}],"collection":[{"href":"https:\/\/nordesteimprensa.com.br\/index.php\/wp-json\/wp\/v2\/posts"}],"about":[{"href":"https:\/\/nordesteimprensa.com.br\/index.php\/wp-json\/wp\/v2\/types\/post"}],"author":[{"embeddable":true,"href":"https:\/\/nordesteimprensa.com.br\/index.php\/wp-json\/wp\/v2\/users\/1"}],"replies":[{"embeddable":true,"href":"https:\/\/nordesteimprensa.com.br\/index.php\/wp-json\/wp\/v2\/comments?post=5605"}],"version-history":[{"count":1,"href":"https:\/\/nordesteimprensa.com.br\/index.php\/wp-json\/wp\/v2\/posts\/5605\/revisions"}],"predecessor-version":[{"id":5607,"href":"https:\/\/nordesteimprensa.com.br\/index.php\/wp-json\/wp\/v2\/posts\/5605\/revisions\/5607"}],"wp:featuredmedia":[{"embeddable":true,"href":"https:\/\/nordesteimprensa.com.br\/index.php\/wp-json\/wp\/v2\/media\/5606"}],"wp:attachment":[{"href":"https:\/\/nordesteimprensa.com.br\/index.php\/wp-json\/wp\/v2\/media?parent=5605"}],"wp:term":[{"taxonomy":"category","embeddable":true,"href":"https:\/\/nordesteimprensa.com.br\/index.php\/wp-json\/wp\/v2\/categories?post=5605"},{"taxonomy":"post_tag","embeddable":true,"href":"https:\/\/nordesteimprensa.com.br\/index.php\/wp-json\/wp\/v2\/tags?post=5605"}],"curies":[{"name":"wp","href":"https:\/\/api.w.org\/{rel}","templated":true}]}}