{"id":5611,"date":"2024-07-29T14:29:36","date_gmt":"2024-07-29T17:29:36","guid":{"rendered":"https:\/\/nordesteimprensa.com.br\/?p=5611"},"modified":"2024-07-29T14:29:36","modified_gmt":"2024-07-29T17:29:36","slug":"policia-prende-condenado-por-homicidio-motivado-por-divida-de-r-150-em-japaratuba","status":"publish","type":"post","link":"https:\/\/nordesteimprensa.com.br\/index.php\/2024\/07\/29\/policia-prende-condenado-por-homicidio-motivado-por-divida-de-r-150-em-japaratuba\/","title":{"rendered":"Pol\u00edcia prende condenado por homic\u00eddio motivado por d\u00edvida de R$ 150 em Japaratuba"},"content":{"rendered":"\n<p>V\u00edtima levou soco na cabe\u00e7a, ficou em estado vegetativo e morreu 11 dias ap\u00f3s o crime.<\/p>\n\n\n\n<p>Um homem de 42 anos investigado por matar outro por n\u00e3o receber o pagamento de tr\u00eas di\u00e1rias como ajudante de pedreiro, no valor de R$ 150, em abril de 2019, foi preso pela Pol\u00edcia Civil na \u00faltima sexta-feira. A informa\u00e7\u00e3o foi divulgada nesta segunda-feira (29).&nbsp;<\/p>\n\n\n\n<p>De acordo com a Secretaria de Seguran\u00e7a P\u00fablica, no dia 27 de abril, a v\u00edtima teria alegado ao investigado que ainda n\u00e3o tinha recebido o dinheiro da prefeitura para fazer o pagamento, mas que, quando recebesse, repassaria o valor devido. Nesse momento, ele entrou em um bar e o investigado o empurrou.&nbsp;<\/p>\n\n\n\n<p>Uma hora depois, a v\u00edtima estava pr\u00f3ximo a uma quadra, nas imedia\u00e7\u00f5es, com outros dois colegas. O investigado se aproximou, correndo, e pelas costas e lhe deu um soco na lateral da cabe\u00e7a. A v\u00edtima caiu no ch\u00e3o j\u00e1 desacordada e foi levada para o Hospital de Urg\u00eancia de Sergipe (Huse), onde ficou internada em estado vegetativo por 11 dias, e morreu no dia 7 de maio de 2019.&nbsp;<\/p>\n\n\n\n<p>O homem, que fugiu do munic\u00edpio ap\u00f3s o crime, foi condenado por homic\u00eddio qualificado por motivo f\u00fatil e por recurso que dificulte ou torne imposs\u00edvel a defesa do ofendido. Ele estava foragido desde maio de 2021.<\/p>\n\n\n\n<p>Fonte: g1 Sergipe <\/p>\n","protected":false},"excerpt":{"rendered":"<p>V\u00edtima levou soco na cabe\u00e7a, ficou em estado vegetativo e morreu 11 dias ap\u00f3s o crime. Um homem de 42 anos investigado por matar outro por n\u00e3o receber o pagamento de tr\u00eas di\u00e1rias como ajudante de pedreiro, no valor de R$ 150, em abril de 2019, foi preso pela Pol\u00edcia Civil na \u00faltima sexta-feira. A [&hellip;]<\/p>\n","protected":false},"author":1,"featured_media":5612,"comment_status":"open","ping_status":"open","sticky":false,"template":"","format":"standard","meta":{"footnotes":""},"categories":[10],"tags":[],"class_list":{"0":"post-5611","1":"post","2":"type-post","3":"status-publish","4":"format-standard","5":"has-post-thumbnail","7":"category-theme-features"},"_links":{"self":[{"href":"https:\/\/nordesteimprensa.com.br\/index.php\/wp-json\/wp\/v2\/posts\/5611","targetHints":{"allow":["GET"]}}],"collection":[{"href":"https:\/\/nordesteimprensa.com.br\/index.php\/wp-json\/wp\/v2\/posts"}],"about":[{"href":"https:\/\/nordesteimprensa.com.br\/index.php\/wp-json\/wp\/v2\/types\/post"}],"author":[{"embeddable":true,"href":"https:\/\/nordesteimprensa.com.br\/index.php\/wp-json\/wp\/v2\/users\/1"}],"replies":[{"embeddable":true,"href":"https:\/\/nordesteimprensa.com.br\/index.php\/wp-json\/wp\/v2\/comments?post=5611"}],"version-history":[{"count":1,"href":"https:\/\/nordesteimprensa.com.br\/index.php\/wp-json\/wp\/v2\/posts\/5611\/revisions"}],"predecessor-version":[{"id":5613,"href":"https:\/\/nordesteimprensa.com.br\/index.php\/wp-json\/wp\/v2\/posts\/5611\/revisions\/5613"}],"wp:featuredmedia":[{"embeddable":true,"href":"https:\/\/nordesteimprensa.com.br\/index.php\/wp-json\/wp\/v2\/media\/5612"}],"wp:attachment":[{"href":"https:\/\/nordesteimprensa.com.br\/index.php\/wp-json\/wp\/v2\/media?parent=5611"}],"wp:term":[{"taxonomy":"category","embeddable":true,"href":"https:\/\/nordesteimprensa.com.br\/index.php\/wp-json\/wp\/v2\/categories?post=5611"},{"taxonomy":"post_tag","embeddable":true,"href":"https:\/\/nordesteimprensa.com.br\/index.php\/wp-json\/wp\/v2\/tags?post=5611"}],"curies":[{"name":"wp","href":"https:\/\/api.w.org\/{rel}","templated":true}]}}