{"id":5614,"date":"2024-07-29T14:32:25","date_gmt":"2024-07-29T17:32:25","guid":{"rendered":"https:\/\/nordesteimprensa.com.br\/?p=5614"},"modified":"2024-07-29T14:32:26","modified_gmt":"2024-07-29T17:32:26","slug":"homem-morre-apos-motocicleta-colidir-em-cavalo-em-ilha-das-flores","status":"publish","type":"post","link":"https:\/\/nordesteimprensa.com.br\/index.php\/2024\/07\/29\/homem-morre-apos-motocicleta-colidir-em-cavalo-em-ilha-das-flores\/","title":{"rendered":"Homem morre ap\u00f3s motocicleta colidir em cavalo em Ilha das Flores"},"content":{"rendered":"\n<p>Um homem morreu ap\u00f3s a motocicleta em que ele estava ter colidido em um cavalo nas imedia\u00e7\u00f5es da rodovia SE-200, no povoado Sert\u00e3o, em Ilha das Flores, interior do estado. A ocorr\u00eancia ocorreu neste domingo, 28.<\/p>\n\n\n\n<p>De acordo com o Batalh\u00e3o de Pol\u00edcia Rodovi\u00e1ria Estadual (BPRV), a v\u00edtima era o passageiro de uma motocicleta. O condutor do ve\u00edculo foi atendido pelo Servi\u00e7o de Atendimento M\u00f3vel de Urg\u00eancia (Samu) e encaminhado para um hospital da regi\u00e3o.<\/p>\n\n\n\n<p>Ainda segundo o BPRv, o condutor da motocicleta saiu de uma festa que acontecia na pra\u00e7a de Ilha das Flores, com o passageiro na garupa, e seguiu sentido ao povoado Serr\u00e3o, quando aconteceu o atropelamento do animal, que estava na rodovia. Foi constatado que o condutor n\u00e3o era habilitado, sendo lavrado o auto de infra\u00e7\u00e3o.<\/p>\n\n\n\n<p>Fonte: Infonet<\/p>\n","protected":false},"excerpt":{"rendered":"<p>Um homem morreu ap\u00f3s a motocicleta em que ele estava ter colidido em um cavalo nas imedia\u00e7\u00f5es da rodovia SE-200, no povoado Sert\u00e3o, em Ilha das Flores, interior do estado. A ocorr\u00eancia ocorreu neste domingo, 28. De acordo com o Batalh\u00e3o de Pol\u00edcia Rodovi\u00e1ria Estadual (BPRV), a v\u00edtima era o passageiro de uma motocicleta. O [&hellip;]<\/p>\n","protected":false},"author":1,"featured_media":5615,"comment_status":"open","ping_status":"open","sticky":false,"template":"","format":"standard","meta":{"footnotes":""},"categories":[10],"tags":[],"class_list":{"0":"post-5614","1":"post","2":"type-post","3":"status-publish","4":"format-standard","5":"has-post-thumbnail","7":"category-theme-features"},"_links":{"self":[{"href":"https:\/\/nordesteimprensa.com.br\/index.php\/wp-json\/wp\/v2\/posts\/5614","targetHints":{"allow":["GET"]}}],"collection":[{"href":"https:\/\/nordesteimprensa.com.br\/index.php\/wp-json\/wp\/v2\/posts"}],"about":[{"href":"https:\/\/nordesteimprensa.com.br\/index.php\/wp-json\/wp\/v2\/types\/post"}],"author":[{"embeddable":true,"href":"https:\/\/nordesteimprensa.com.br\/index.php\/wp-json\/wp\/v2\/users\/1"}],"replies":[{"embeddable":true,"href":"https:\/\/nordesteimprensa.com.br\/index.php\/wp-json\/wp\/v2\/comments?post=5614"}],"version-history":[{"count":1,"href":"https:\/\/nordesteimprensa.com.br\/index.php\/wp-json\/wp\/v2\/posts\/5614\/revisions"}],"predecessor-version":[{"id":5616,"href":"https:\/\/nordesteimprensa.com.br\/index.php\/wp-json\/wp\/v2\/posts\/5614\/revisions\/5616"}],"wp:featuredmedia":[{"embeddable":true,"href":"https:\/\/nordesteimprensa.com.br\/index.php\/wp-json\/wp\/v2\/media\/5615"}],"wp:attachment":[{"href":"https:\/\/nordesteimprensa.com.br\/index.php\/wp-json\/wp\/v2\/media?parent=5614"}],"wp:term":[{"taxonomy":"category","embeddable":true,"href":"https:\/\/nordesteimprensa.com.br\/index.php\/wp-json\/wp\/v2\/categories?post=5614"},{"taxonomy":"post_tag","embeddable":true,"href":"https:\/\/nordesteimprensa.com.br\/index.php\/wp-json\/wp\/v2\/tags?post=5614"}],"curies":[{"name":"wp","href":"https:\/\/api.w.org\/{rel}","templated":true}]}}