{"id":5617,"date":"2024-07-29T14:37:57","date_gmt":"2024-07-29T17:37:57","guid":{"rendered":"https:\/\/nordesteimprensa.com.br\/?p=5617"},"modified":"2024-07-29T14:37:57","modified_gmt":"2024-07-29T17:37:57","slug":"tres-pessoas-ficam-feridas-apos-carro-bater-em-arvore-na-ivo-do-prado","status":"publish","type":"post","link":"https:\/\/nordesteimprensa.com.br\/index.php\/2024\/07\/29\/tres-pessoas-ficam-feridas-apos-carro-bater-em-arvore-na-ivo-do-prado\/","title":{"rendered":"Tr\u00eas pessoas ficam feridas ap\u00f3s carro bater em \u00e1rvore na Ivo do Prado"},"content":{"rendered":"\n<p>O condutor e mais dois passageiros de um carro ficaram feridos ap\u00f3s o ve\u00edculo colidir com uma \u00e1rvore na Av. Ivo do Prado, na regi\u00e3o central de Aracaju.<\/p>\n\n\n\n<p>De acordo com informa\u00e7\u00f5es do Batalh\u00e3o de Policiamento de Tr\u00e2nsito (BPtran), a ocorr\u00eancia foi registrada na noite deste domingo, 28.<\/p>\n\n\n\n<p>O BPTran informou ainda que as v\u00edtimas receberam os primeiros socorros do Servi\u00e7o de Atendimento M\u00f3vel de Urg\u00eancia (Samu) e depois foram levadas para um hospital de Aracaju.<\/p>\n\n\n\n<p>O estado de sa\u00fade dos ocupantes do ve\u00edculo n\u00e3o foi informado.<\/p>\n\n\n\n<p>Fonte: Infonet<\/p>\n","protected":false},"excerpt":{"rendered":"<p>O condutor e mais dois passageiros de um carro ficaram feridos ap\u00f3s o ve\u00edculo colidir com uma \u00e1rvore na Av. Ivo do Prado, na regi\u00e3o central de Aracaju. De acordo com informa\u00e7\u00f5es do Batalh\u00e3o de Policiamento de Tr\u00e2nsito (BPtran), a ocorr\u00eancia foi registrada na noite deste domingo, 28. O BPTran informou ainda que as v\u00edtimas [&hellip;]<\/p>\n","protected":false},"author":1,"featured_media":5618,"comment_status":"open","ping_status":"open","sticky":false,"template":"","format":"standard","meta":{"footnotes":""},"categories":[10],"tags":[],"class_list":{"0":"post-5617","1":"post","2":"type-post","3":"status-publish","4":"format-standard","5":"has-post-thumbnail","7":"category-theme-features"},"_links":{"self":[{"href":"https:\/\/nordesteimprensa.com.br\/index.php\/wp-json\/wp\/v2\/posts\/5617","targetHints":{"allow":["GET"]}}],"collection":[{"href":"https:\/\/nordesteimprensa.com.br\/index.php\/wp-json\/wp\/v2\/posts"}],"about":[{"href":"https:\/\/nordesteimprensa.com.br\/index.php\/wp-json\/wp\/v2\/types\/post"}],"author":[{"embeddable":true,"href":"https:\/\/nordesteimprensa.com.br\/index.php\/wp-json\/wp\/v2\/users\/1"}],"replies":[{"embeddable":true,"href":"https:\/\/nordesteimprensa.com.br\/index.php\/wp-json\/wp\/v2\/comments?post=5617"}],"version-history":[{"count":1,"href":"https:\/\/nordesteimprensa.com.br\/index.php\/wp-json\/wp\/v2\/posts\/5617\/revisions"}],"predecessor-version":[{"id":5619,"href":"https:\/\/nordesteimprensa.com.br\/index.php\/wp-json\/wp\/v2\/posts\/5617\/revisions\/5619"}],"wp:featuredmedia":[{"embeddable":true,"href":"https:\/\/nordesteimprensa.com.br\/index.php\/wp-json\/wp\/v2\/media\/5618"}],"wp:attachment":[{"href":"https:\/\/nordesteimprensa.com.br\/index.php\/wp-json\/wp\/v2\/media?parent=5617"}],"wp:term":[{"taxonomy":"category","embeddable":true,"href":"https:\/\/nordesteimprensa.com.br\/index.php\/wp-json\/wp\/v2\/categories?post=5617"},{"taxonomy":"post_tag","embeddable":true,"href":"https:\/\/nordesteimprensa.com.br\/index.php\/wp-json\/wp\/v2\/tags?post=5617"}],"curies":[{"name":"wp","href":"https:\/\/api.w.org\/{rel}","templated":true}]}}