{"id":5652,"date":"2024-08-01T23:33:07","date_gmt":"2024-08-02T02:33:07","guid":{"rendered":"https:\/\/nordesteimprensa.com.br\/?p=5652"},"modified":"2024-08-01T23:33:07","modified_gmt":"2024-08-02T02:33:07","slug":"professor-de-muay-thay-acusado-de-homicidio-e-preso-em-aracaju","status":"publish","type":"post","link":"https:\/\/nordesteimprensa.com.br\/index.php\/2024\/08\/01\/professor-de-muay-thay-acusado-de-homicidio-e-preso-em-aracaju\/","title":{"rendered":"Professor de Muay Thay acusado de homic\u00eddio \u00e9 preso em Aracaju"},"content":{"rendered":"\n<p>Policiais civis do Centro de Opera\u00e7\u00f5es Policiais Especiais (Cope), com apoio da Divis\u00e3o de Intelig\u00eancia e Planejamento Policial (Dipol), cumpriram o mandado de pris\u00e3o preventiva econtra um homem investigado pelo crime de homic\u00eddio qualificado. A a\u00e7\u00e3o policial ocorreu na noite dessa quarta-feira, 31, no bairro Aruana, em Aracaju.<\/p>\n\n\n\n<p>De acordo com as investiga\u00e7\u00f5es, na noite de 22 de fevereiro de 2021, no Conjunto Orlando Dantas, o homem surpreendeu a v\u00edtima com diversos disparos de arma de fogo.<\/p>\n\n\n\n<p>O suspeito, que era lutador e professor de Muay Thay, quando fazia uso de bebida alc\u00f3olica ou entorpecentes ficava muito agressivo e se envolvia em confus\u00f5es. Por esta raz\u00e3o, seus amigos se afastaram dele e acabaram se aproximando mais da v\u00edtima. Devido a isso, por conta de ci\u00fames, o homem emboscou a v\u00edtima e a matou com disparos de arma de fogo.<\/p>\n\n\n\n<p>O investigado j\u00e1 se encontra custodiado e est\u00e1 \u00e0 disposi\u00e7\u00e3o do Poder Judici\u00e1rio para responder ao processo.<\/p>\n\n\n\n<p>A Pol\u00edcia Civil reitera a import\u00e2ncia da contribui\u00e7\u00e3o da popula\u00e7\u00e3o por meio do Disque-Den\u00fancia, no telefone 181. O sigilo do denunciante \u00e9 garantido.<\/p>\n\n\n\n<p>Fonte: Infonet<\/p>\n","protected":false},"excerpt":{"rendered":"<p>Policiais civis do Centro de Opera\u00e7\u00f5es Policiais Especiais (Cope), com apoio da Divis\u00e3o de Intelig\u00eancia e Planejamento Policial (Dipol), cumpriram o mandado de pris\u00e3o preventiva econtra um homem investigado pelo crime de homic\u00eddio qualificado. A a\u00e7\u00e3o policial ocorreu na noite dessa quarta-feira, 31, no bairro Aruana, em Aracaju. De acordo com as investiga\u00e7\u00f5es, na noite [&hellip;]<\/p>\n","protected":false},"author":1,"featured_media":5653,"comment_status":"open","ping_status":"open","sticky":false,"template":"","format":"standard","meta":{"footnotes":""},"categories":[10],"tags":[],"class_list":{"0":"post-5652","1":"post","2":"type-post","3":"status-publish","4":"format-standard","5":"has-post-thumbnail","7":"category-theme-features"},"_links":{"self":[{"href":"https:\/\/nordesteimprensa.com.br\/index.php\/wp-json\/wp\/v2\/posts\/5652","targetHints":{"allow":["GET"]}}],"collection":[{"href":"https:\/\/nordesteimprensa.com.br\/index.php\/wp-json\/wp\/v2\/posts"}],"about":[{"href":"https:\/\/nordesteimprensa.com.br\/index.php\/wp-json\/wp\/v2\/types\/post"}],"author":[{"embeddable":true,"href":"https:\/\/nordesteimprensa.com.br\/index.php\/wp-json\/wp\/v2\/users\/1"}],"replies":[{"embeddable":true,"href":"https:\/\/nordesteimprensa.com.br\/index.php\/wp-json\/wp\/v2\/comments?post=5652"}],"version-history":[{"count":1,"href":"https:\/\/nordesteimprensa.com.br\/index.php\/wp-json\/wp\/v2\/posts\/5652\/revisions"}],"predecessor-version":[{"id":5654,"href":"https:\/\/nordesteimprensa.com.br\/index.php\/wp-json\/wp\/v2\/posts\/5652\/revisions\/5654"}],"wp:featuredmedia":[{"embeddable":true,"href":"https:\/\/nordesteimprensa.com.br\/index.php\/wp-json\/wp\/v2\/media\/5653"}],"wp:attachment":[{"href":"https:\/\/nordesteimprensa.com.br\/index.php\/wp-json\/wp\/v2\/media?parent=5652"}],"wp:term":[{"taxonomy":"category","embeddable":true,"href":"https:\/\/nordesteimprensa.com.br\/index.php\/wp-json\/wp\/v2\/categories?post=5652"},{"taxonomy":"post_tag","embeddable":true,"href":"https:\/\/nordesteimprensa.com.br\/index.php\/wp-json\/wp\/v2\/tags?post=5652"}],"curies":[{"name":"wp","href":"https:\/\/api.w.org\/{rel}","templated":true}]}}