{"id":5655,"date":"2024-08-01T23:43:32","date_gmt":"2024-08-02T02:43:32","guid":{"rendered":"https:\/\/nordesteimprensa.com.br\/?p=5655"},"modified":"2024-08-01T23:43:32","modified_gmt":"2024-08-02T02:43:32","slug":"mae-e-padrasto-sao-condenados-por-morte-de-crianca-de-quatro-anos-em-sergipe","status":"publish","type":"post","link":"https:\/\/nordesteimprensa.com.br\/index.php\/2024\/08\/01\/mae-e-padrasto-sao-condenados-por-morte-de-crianca-de-quatro-anos-em-sergipe\/","title":{"rendered":"M\u00e3e e padrasto s\u00e3o condenados por morte de crian\u00e7a de quatro anos em Sergipe"},"content":{"rendered":"\n<p>Casal foi acusado de maus tratos e o homem ainda cumprir\u00e1 pena por homic\u00eddio.<\/p>\n\n\n\n<p>A m\u00e3e e o padrasto foram condenados, nesta quinta-feira (1\u00ba), por\u00a0agredir e matar a menina Joicy Vit\u00f3ria Santana, de 4 anos, em\u00a0Aracaju. Ele era padrasto da crian\u00e7a, que sofreu politraumatismo e teve uma parada cardiorrespirat\u00f3ria no m\u00eas de abril do ano passado.\u00a0<\/p>\n\n\n\n<p>O casal foi condenado por maus tratos, a m\u00e3e dever\u00e1 cumprir 6 anos e 8 meses em regime fechado. J\u00e1 a senten\u00e7a do padrasto tamb\u00e9m soma o crime de homic\u00eddio e a pena calculada ser\u00e1 de 63 anos. A defesa dos r\u00e9us afirma que vai recorrer da decis\u00e3o.&nbsp;<\/p>\n\n\n\n<h2 class=\"wp-block-heading\">Relembre o caso<\/h2>\n\n\n\n<p>O caso ocorreu em\u00a0S\u00e3o Crist\u00f3v\u00e3o\u00a0no dia 23 de abril do ano passado. Na ocasi\u00e3o, a av\u00f3 da crian\u00e7a buscou socorro, pois a menina apresentava na regi\u00e3o dos olhos, um ferimento no l\u00e1bio e dificuldade para respirar.\u00a0<\/p>\n\n\n\n<p>Ela foi levada ao Hospital Senhor dos Passos, no munic\u00edpio, e em seguida, encaminhada ao Hospital de Urg\u00eancia de Sergipe (Huse), na capital, mas n\u00e3o resistiu.\u00a0Joicy Vit\u00f3ria foi sepultada no dia seguinte.<\/p>\n\n\n\n<p>Fonte: g1 Sergipe <\/p>\n","protected":false},"excerpt":{"rendered":"<p>Casal foi acusado de maus tratos e o homem ainda cumprir\u00e1 pena por homic\u00eddio. A m\u00e3e e o padrasto foram condenados, nesta quinta-feira (1\u00ba), por\u00a0agredir e matar a menina Joicy Vit\u00f3ria Santana, de 4 anos, em\u00a0Aracaju. Ele era padrasto da crian\u00e7a, que sofreu politraumatismo e teve uma parada cardiorrespirat\u00f3ria no m\u00eas de abril do ano [&hellip;]<\/p>\n","protected":false},"author":1,"featured_media":5656,"comment_status":"open","ping_status":"open","sticky":false,"template":"","format":"standard","meta":{"footnotes":""},"categories":[10],"tags":[],"class_list":{"0":"post-5655","1":"post","2":"type-post","3":"status-publish","4":"format-standard","5":"has-post-thumbnail","7":"category-theme-features"},"_links":{"self":[{"href":"https:\/\/nordesteimprensa.com.br\/index.php\/wp-json\/wp\/v2\/posts\/5655","targetHints":{"allow":["GET"]}}],"collection":[{"href":"https:\/\/nordesteimprensa.com.br\/index.php\/wp-json\/wp\/v2\/posts"}],"about":[{"href":"https:\/\/nordesteimprensa.com.br\/index.php\/wp-json\/wp\/v2\/types\/post"}],"author":[{"embeddable":true,"href":"https:\/\/nordesteimprensa.com.br\/index.php\/wp-json\/wp\/v2\/users\/1"}],"replies":[{"embeddable":true,"href":"https:\/\/nordesteimprensa.com.br\/index.php\/wp-json\/wp\/v2\/comments?post=5655"}],"version-history":[{"count":1,"href":"https:\/\/nordesteimprensa.com.br\/index.php\/wp-json\/wp\/v2\/posts\/5655\/revisions"}],"predecessor-version":[{"id":5657,"href":"https:\/\/nordesteimprensa.com.br\/index.php\/wp-json\/wp\/v2\/posts\/5655\/revisions\/5657"}],"wp:featuredmedia":[{"embeddable":true,"href":"https:\/\/nordesteimprensa.com.br\/index.php\/wp-json\/wp\/v2\/media\/5656"}],"wp:attachment":[{"href":"https:\/\/nordesteimprensa.com.br\/index.php\/wp-json\/wp\/v2\/media?parent=5655"}],"wp:term":[{"taxonomy":"category","embeddable":true,"href":"https:\/\/nordesteimprensa.com.br\/index.php\/wp-json\/wp\/v2\/categories?post=5655"},{"taxonomy":"post_tag","embeddable":true,"href":"https:\/\/nordesteimprensa.com.br\/index.php\/wp-json\/wp\/v2\/tags?post=5655"}],"curies":[{"name":"wp","href":"https:\/\/api.w.org\/{rel}","templated":true}]}}