{"id":585,"date":"2020-08-17T14:45:47","date_gmt":"2020-08-17T17:45:47","guid":{"rendered":"http:\/\/nordesteimprensa.com.br\/?p=585"},"modified":"2020-08-17T14:45:49","modified_gmt":"2020-08-17T17:45:49","slug":"festa-ilegal-em-chacara-no-municipio-de-campo-do-brito-e-interrompida-pela-policia","status":"publish","type":"post","link":"https:\/\/nordesteimprensa.com.br\/index.php\/2020\/08\/17\/festa-ilegal-em-chacara-no-municipio-de-campo-do-brito-e-interrompida-pela-policia\/","title":{"rendered":"Festa ilegal em ch\u00e1cara no munic\u00edpio de Campo do Brito \u00e9 interrompida pela pol\u00edcia"},"content":{"rendered":"\n<p>Uma festa que durou cerca de 18 horas em uma ch\u00e1cara no Povoado Ceil\u00e3o, no munic\u00edpio de Campo do Brito, foi interrompida pelas pol\u00edcias Militar e Civil na tarde dessa quarta-feira (22), por descumprir os decretos de distanciamento social motivados pela pandemia do novo coronav\u00edrus.<\/p>\n\n\n\n<p>De acordo com a pol\u00edcia, den\u00fancias an\u00f4nimas informaram que o evento tinha aglomera\u00e7\u00e3o de pessoas e som alto ininterrupto desde as 20h da ter\u00e7a-feira (21). Os agentes localizaram o local por volta das 14h do dia seguinte e realizaram o flagrante.<\/p>\n\n\n\n<p>Os envolvidos foram conduzidos \u00e0 delegacia pelo crime de descumprimento de medida sanit\u00e1ria e pela contraven\u00e7\u00e3o penal de som alto. Quatro motos irregulares e o som foram apreendidos.<\/p>\n\n\n\n<p>De acordo com a Secretaria de Estado da Sa\u00fade, Campo do Brito tem quatro registros de pessoas mortas e 178 casos confirmados pelo novo coronav\u00edrus. O \u00edndice de isolamento social na cidade \u00e9 de 38%, considerado baixo.<\/p>\n","protected":false},"excerpt":{"rendered":"<p>Uma festa que durou cerca de 18 horas em uma ch\u00e1cara no Povoado Ceil\u00e3o, no munic\u00edpio de Campo do Brito, foi interrompida pelas pol\u00edcias Militar e Civil na tarde dessa quarta-feira (22), por descumprir os decretos de distanciamento social motivados pela pandemia do novo coronav\u00edrus. De acordo com a pol\u00edcia, den\u00fancias an\u00f4nimas informaram que o [&hellip;]<\/p>\n","protected":false},"author":1,"featured_media":586,"comment_status":"open","ping_status":"open","sticky":false,"template":"","format":"standard","meta":{"footnotes":""},"categories":[38],"tags":[],"class_list":{"0":"post-585","1":"post","2":"type-post","3":"status-publish","4":"format-standard","5":"has-post-thumbnail","7":"category-policial"},"_links":{"self":[{"href":"https:\/\/nordesteimprensa.com.br\/index.php\/wp-json\/wp\/v2\/posts\/585","targetHints":{"allow":["GET"]}}],"collection":[{"href":"https:\/\/nordesteimprensa.com.br\/index.php\/wp-json\/wp\/v2\/posts"}],"about":[{"href":"https:\/\/nordesteimprensa.com.br\/index.php\/wp-json\/wp\/v2\/types\/post"}],"author":[{"embeddable":true,"href":"https:\/\/nordesteimprensa.com.br\/index.php\/wp-json\/wp\/v2\/users\/1"}],"replies":[{"embeddable":true,"href":"https:\/\/nordesteimprensa.com.br\/index.php\/wp-json\/wp\/v2\/comments?post=585"}],"version-history":[{"count":1,"href":"https:\/\/nordesteimprensa.com.br\/index.php\/wp-json\/wp\/v2\/posts\/585\/revisions"}],"predecessor-version":[{"id":587,"href":"https:\/\/nordesteimprensa.com.br\/index.php\/wp-json\/wp\/v2\/posts\/585\/revisions\/587"}],"wp:featuredmedia":[{"embeddable":true,"href":"https:\/\/nordesteimprensa.com.br\/index.php\/wp-json\/wp\/v2\/media\/586"}],"wp:attachment":[{"href":"https:\/\/nordesteimprensa.com.br\/index.php\/wp-json\/wp\/v2\/media?parent=585"}],"wp:term":[{"taxonomy":"category","embeddable":true,"href":"https:\/\/nordesteimprensa.com.br\/index.php\/wp-json\/wp\/v2\/categories?post=585"},{"taxonomy":"post_tag","embeddable":true,"href":"https:\/\/nordesteimprensa.com.br\/index.php\/wp-json\/wp\/v2\/tags?post=585"}],"curies":[{"name":"wp","href":"https:\/\/api.w.org\/{rel}","templated":true}]}}