{"id":5886,"date":"2024-08-29T16:39:03","date_gmt":"2024-08-29T19:39:03","guid":{"rendered":"https:\/\/nordesteimprensa.com.br\/?p=5886"},"modified":"2024-08-29T16:39:04","modified_gmt":"2024-08-29T19:39:04","slug":"cao-abandonado-em-situacao-de-maus-tratos-e-resgatado-em-apartamento-da-zona-sul-de-aracaju","status":"publish","type":"post","link":"https:\/\/nordesteimprensa.com.br\/index.php\/2024\/08\/29\/cao-abandonado-em-situacao-de-maus-tratos-e-resgatado-em-apartamento-da-zona-sul-de-aracaju\/","title":{"rendered":"C\u00e3o abandonado em situa\u00e7\u00e3o de maus-tratos \u00e9 resgatado em apartamento da Zona Sul de Aracaju"},"content":{"rendered":"\n<p>Um c\u00e3o que estava em situa\u00e7\u00e3o de abandono trancado em um apartamento localizado no Bairro S\u00e3o Conrado, na Zona Sul de\u00a0Aracaju, foi resgatado pela equipe da Delegacia Especializada de Prote\u00e7\u00e3o ao Animal e Meio Ambiente (Depama). A informa\u00e7\u00e3o foi divulgada nesta quinta-feira (29).\u00a0<\/p>\n\n\n\n<p>De acordo com a Depama, o local possu\u00eda fezes e urina espalhadas espalhadas pelo ch\u00e3o. O animal foi localizado ap\u00f3s den\u00fancia an\u00f4nima.&nbsp;<\/p>\n\n\n\n<p>\u201cO v\u00eddeo enviado pelo denunciante demonstrava a situa\u00e7\u00e3o clara de maus-tratos, pois o ambiente estava muito sujo, sem oferta de \u00e1gua e alimenta\u00e7\u00e3o. O abandono do animal que, estressado, passou a chamar a aten\u00e7\u00e3o dos vizinhos e demais moradores pelo barulho e mau cheiro\u201d, disse o delegado Fl\u00e1vio Albuquerque.&nbsp;<\/p>\n\n\n\n<p>Ainda segundo o delegado, o animal foi resgatado, abrigado e encontra-se \u00e0 disposi\u00e7\u00e3o para ado\u00e7\u00e3o. O tutor foi identificado, intimado, qualificado e interrogado no inqu\u00e9rito policial instaurado que ser\u00e1 conclu\u00eddo e enviado ao Poder Judici\u00e1rio nos pr\u00f3ximos dias.&nbsp;<\/p>\n\n\n\n<p>Informa\u00e7\u00f5es sobre crimes de maus-tratos contra animais devem ser repassadas \u00e0 pol\u00edcia por meio do Disque-Den\u00fancia, no telefone 181. O sigilo do denunciante \u00e9 garantido.<\/p>\n\n\n\n<p>Fonte: G1<\/p>\n\n\n\n<p><\/p>\n\n\n\n<p><br><\/p>\n","protected":false},"excerpt":{"rendered":"<p>Um c\u00e3o que estava em situa\u00e7\u00e3o de abandono trancado em um apartamento localizado no Bairro S\u00e3o Conrado, na Zona Sul de\u00a0Aracaju, foi resgatado pela equipe da Delegacia Especializada de Prote\u00e7\u00e3o ao Animal e Meio Ambiente (Depama). A informa\u00e7\u00e3o foi divulgada nesta quinta-feira (29).\u00a0 De acordo com a Depama, o local possu\u00eda fezes e urina espalhadas [&hellip;]<\/p>\n","protected":false},"author":1,"featured_media":5887,"comment_status":"open","ping_status":"open","sticky":false,"template":"","format":"standard","meta":{"footnotes":""},"categories":[10],"tags":[],"class_list":{"0":"post-5886","1":"post","2":"type-post","3":"status-publish","4":"format-standard","5":"has-post-thumbnail","7":"category-theme-features"},"_links":{"self":[{"href":"https:\/\/nordesteimprensa.com.br\/index.php\/wp-json\/wp\/v2\/posts\/5886","targetHints":{"allow":["GET"]}}],"collection":[{"href":"https:\/\/nordesteimprensa.com.br\/index.php\/wp-json\/wp\/v2\/posts"}],"about":[{"href":"https:\/\/nordesteimprensa.com.br\/index.php\/wp-json\/wp\/v2\/types\/post"}],"author":[{"embeddable":true,"href":"https:\/\/nordesteimprensa.com.br\/index.php\/wp-json\/wp\/v2\/users\/1"}],"replies":[{"embeddable":true,"href":"https:\/\/nordesteimprensa.com.br\/index.php\/wp-json\/wp\/v2\/comments?post=5886"}],"version-history":[{"count":1,"href":"https:\/\/nordesteimprensa.com.br\/index.php\/wp-json\/wp\/v2\/posts\/5886\/revisions"}],"predecessor-version":[{"id":5889,"href":"https:\/\/nordesteimprensa.com.br\/index.php\/wp-json\/wp\/v2\/posts\/5886\/revisions\/5889"}],"wp:featuredmedia":[{"embeddable":true,"href":"https:\/\/nordesteimprensa.com.br\/index.php\/wp-json\/wp\/v2\/media\/5887"}],"wp:attachment":[{"href":"https:\/\/nordesteimprensa.com.br\/index.php\/wp-json\/wp\/v2\/media?parent=5886"}],"wp:term":[{"taxonomy":"category","embeddable":true,"href":"https:\/\/nordesteimprensa.com.br\/index.php\/wp-json\/wp\/v2\/categories?post=5886"},{"taxonomy":"post_tag","embeddable":true,"href":"https:\/\/nordesteimprensa.com.br\/index.php\/wp-json\/wp\/v2\/tags?post=5886"}],"curies":[{"name":"wp","href":"https:\/\/api.w.org\/{rel}","templated":true}]}}