{"id":5893,"date":"2024-08-29T16:42:04","date_gmt":"2024-08-29T19:42:04","guid":{"rendered":"https:\/\/nordesteimprensa.com.br\/?p=5893"},"modified":"2024-08-29T16:42:04","modified_gmt":"2024-08-29T19:42:04","slug":"ex-senadora-maria-do-carmo-e-internada-apos-descoberta-de-cancer","status":"publish","type":"post","link":"https:\/\/nordesteimprensa.com.br\/index.php\/2024\/08\/29\/ex-senadora-maria-do-carmo-e-internada-apos-descoberta-de-cancer\/","title":{"rendered":"Ex-senadora Maria do Carmo \u00e9 internada ap\u00f3s descoberta de c\u00e2ncer"},"content":{"rendered":"\n<p>A ex-senadora Maria do Carmo Alves, de 83 anos, est\u00e1 internada na Unidade de Terapia Intensiva (UTI) de um hospital particular desde a segunda-feira, 26. A informa\u00e7\u00e3o foi divulgada na tarde desta quinta-feira, 29, por familiares.<\/p>\n\n\n\n<p>Vi\u00fava do ex-governador Jo\u00e3o Alves Filho, Maria do Carmo foi diagnosticada com c\u00e2ncer em est\u00e1gio de met\u00e1stase, segundo informa\u00e7\u00f5es divulgadas pela equipe m\u00e9dica.<\/p>\n\n\n\n<p>O estado de sa\u00fade da ex-senadora \u00e9 considerado grave. Ainda n\u00e3o h\u00e1 previs\u00e3o de alta. A fam\u00edlia n\u00e3o divulgou mais detalhes sobre o progn\u00f3stico m\u00e9dico.<\/p>\n\n\n\n<p>Natural de Cedro de S\u00e3o Jo\u00e3o, Maria do Carmo Alves formou-se em Direito pela Universidade Federal de Sergipe (UFS) e fez hist\u00f3ria como a primeira mulher sergipana eleita para o Senado, onde atuou por tr\u00eas mandatos consecutivos, de 1999 a 2023. Ao longo de sua carreira, destacou-se pela defesa de pautas sociais e pelos esfor\u00e7os em prol do desenvolvimento do estado de Sergipe.<\/p>\n\n\n\n<p>Fonte: Infonet<\/p>\n\n\n\n<p><\/p>\n\n\n\n<p><\/p>\n\n\n\n<p><\/p>\n\n\n\n<p><\/p>\n\n\n\n<p><\/p>\n\n\n\n<p><\/p>\n","protected":false},"excerpt":{"rendered":"<p>A ex-senadora Maria do Carmo Alves, de 83 anos, est\u00e1 internada na Unidade de Terapia Intensiva (UTI) de um hospital particular desde a segunda-feira, 26. A informa\u00e7\u00e3o foi divulgada na tarde desta quinta-feira, 29, por familiares. Vi\u00fava do ex-governador Jo\u00e3o Alves Filho, Maria do Carmo foi diagnosticada com c\u00e2ncer em est\u00e1gio de met\u00e1stase, segundo informa\u00e7\u00f5es [&hellip;]<\/p>\n","protected":false},"author":1,"featured_media":5894,"comment_status":"open","ping_status":"open","sticky":false,"template":"","format":"standard","meta":{"footnotes":""},"categories":[10],"tags":[],"class_list":{"0":"post-5893","1":"post","2":"type-post","3":"status-publish","4":"format-standard","5":"has-post-thumbnail","7":"category-theme-features"},"_links":{"self":[{"href":"https:\/\/nordesteimprensa.com.br\/index.php\/wp-json\/wp\/v2\/posts\/5893","targetHints":{"allow":["GET"]}}],"collection":[{"href":"https:\/\/nordesteimprensa.com.br\/index.php\/wp-json\/wp\/v2\/posts"}],"about":[{"href":"https:\/\/nordesteimprensa.com.br\/index.php\/wp-json\/wp\/v2\/types\/post"}],"author":[{"embeddable":true,"href":"https:\/\/nordesteimprensa.com.br\/index.php\/wp-json\/wp\/v2\/users\/1"}],"replies":[{"embeddable":true,"href":"https:\/\/nordesteimprensa.com.br\/index.php\/wp-json\/wp\/v2\/comments?post=5893"}],"version-history":[{"count":1,"href":"https:\/\/nordesteimprensa.com.br\/index.php\/wp-json\/wp\/v2\/posts\/5893\/revisions"}],"predecessor-version":[{"id":5895,"href":"https:\/\/nordesteimprensa.com.br\/index.php\/wp-json\/wp\/v2\/posts\/5893\/revisions\/5895"}],"wp:featuredmedia":[{"embeddable":true,"href":"https:\/\/nordesteimprensa.com.br\/index.php\/wp-json\/wp\/v2\/media\/5894"}],"wp:attachment":[{"href":"https:\/\/nordesteimprensa.com.br\/index.php\/wp-json\/wp\/v2\/media?parent=5893"}],"wp:term":[{"taxonomy":"category","embeddable":true,"href":"https:\/\/nordesteimprensa.com.br\/index.php\/wp-json\/wp\/v2\/categories?post=5893"},{"taxonomy":"post_tag","embeddable":true,"href":"https:\/\/nordesteimprensa.com.br\/index.php\/wp-json\/wp\/v2\/tags?post=5893"}],"curies":[{"name":"wp","href":"https:\/\/api.w.org\/{rel}","templated":true}]}}