{"id":5901,"date":"2024-08-29T16:45:49","date_gmt":"2024-08-29T19:45:49","guid":{"rendered":"https:\/\/nordesteimprensa.com.br\/?p=5901"},"modified":"2024-08-30T11:01:13","modified_gmt":"2024-08-30T14:01:13","slug":"barracao-assume-lideranca-e-supera-elmo-da-soma-por-quase-4-pontos-em-nova-pesquisa","status":"publish","type":"post","link":"https:\/\/nordesteimprensa.com.br\/index.php\/2024\/08\/29\/barracao-assume-lideranca-e-supera-elmo-da-soma-por-quase-4-pontos-em-nova-pesquisa\/","title":{"rendered":"Barrac\u00e3o assume lideran\u00e7a e supera Elmo da Soma por quase 4 pontos em nova pesquisa"},"content":{"rendered":"\n<p>Uma nova pesquisa do Instituto Gadu, realizada em Po\u00e7o Verde e divulgada hoje, revela que o candidato da oposi\u00e7\u00e3o, Roberto Barrac\u00e3o (UB), est\u00e1 na lideran\u00e7a das inten\u00e7\u00f5es de voto para as elei\u00e7\u00f5es de 2024 no munic\u00edpio.<\/p>\n\n\n\n<p>No cen\u00e1rio induzido, ele tem 48,23% das inten\u00e7\u00f5es de voto, mantendo uma vantagem de quase quatro pontos sobre o candidato da situa\u00e7\u00e3o, Elmo da Soma (PSD), que conta com 44,33%. Os eleitores indecisos representam 5,67%, enquanto 1,77% optam por votos brancos ou nulos.<\/p>\n\n\n\n<p>Quando a escolha \u00e9 espont\u00e2nea, sem a apresenta\u00e7\u00e3o dos nomes dos postulantes, Barrac\u00e3o continua \u00e0 frente com 46,10% das prefer\u00eancias, seguido de perto por Elmo, que registra 42,73%. Nesse cen\u00e1rio, o n\u00famero de indecisos aumenta para 9,22%, e 1,95% dos eleitores optam por brancos ou nulos.<\/p>\n\n\n\n<p>A pesquisa, registrada no Tribunal Superior Eleitoral (TSE) sob o n\u00famero SE-09156\/2024, ouviu 564 eleitores nos dias 20 e 21 de agosto. A margem de erro \u00e9 de 4,07%, e o n\u00edvel de confian\u00e7a \u00e9 de 95%.<\/p>\n\n\n\n<p><\/p>\n\n\n\n<p><\/p>\n\n\n\n<p><\/p>\n","protected":false},"excerpt":{"rendered":"<p>Uma nova pesquisa do Instituto Gadu, realizada em Po\u00e7o Verde e divulgada hoje, revela que o candidato da oposi\u00e7\u00e3o, Roberto Barrac\u00e3o (UB), est\u00e1 na lideran\u00e7a das inten\u00e7\u00f5es de voto para as elei\u00e7\u00f5es de 2024 no munic\u00edpio. No cen\u00e1rio induzido, ele tem 48,23% das inten\u00e7\u00f5es de voto, mantendo uma vantagem de quase quatro pontos sobre o [&hellip;]<\/p>\n","protected":false},"author":1,"featured_media":5902,"comment_status":"open","ping_status":"open","sticky":false,"template":"","format":"standard","meta":{"footnotes":""},"categories":[55],"tags":[],"class_list":{"0":"post-5901","1":"post","2":"type-post","3":"status-publish","4":"format-standard","5":"has-post-thumbnail","7":"category-noticia"},"_links":{"self":[{"href":"https:\/\/nordesteimprensa.com.br\/index.php\/wp-json\/wp\/v2\/posts\/5901","targetHints":{"allow":["GET"]}}],"collection":[{"href":"https:\/\/nordesteimprensa.com.br\/index.php\/wp-json\/wp\/v2\/posts"}],"about":[{"href":"https:\/\/nordesteimprensa.com.br\/index.php\/wp-json\/wp\/v2\/types\/post"}],"author":[{"embeddable":true,"href":"https:\/\/nordesteimprensa.com.br\/index.php\/wp-json\/wp\/v2\/users\/1"}],"replies":[{"embeddable":true,"href":"https:\/\/nordesteimprensa.com.br\/index.php\/wp-json\/wp\/v2\/comments?post=5901"}],"version-history":[{"count":1,"href":"https:\/\/nordesteimprensa.com.br\/index.php\/wp-json\/wp\/v2\/posts\/5901\/revisions"}],"predecessor-version":[{"id":5903,"href":"https:\/\/nordesteimprensa.com.br\/index.php\/wp-json\/wp\/v2\/posts\/5901\/revisions\/5903"}],"wp:featuredmedia":[{"embeddable":true,"href":"https:\/\/nordesteimprensa.com.br\/index.php\/wp-json\/wp\/v2\/media\/5902"}],"wp:attachment":[{"href":"https:\/\/nordesteimprensa.com.br\/index.php\/wp-json\/wp\/v2\/media?parent=5901"}],"wp:term":[{"taxonomy":"category","embeddable":true,"href":"https:\/\/nordesteimprensa.com.br\/index.php\/wp-json\/wp\/v2\/categories?post=5901"},{"taxonomy":"post_tag","embeddable":true,"href":"https:\/\/nordesteimprensa.com.br\/index.php\/wp-json\/wp\/v2\/tags?post=5901"}],"curies":[{"name":"wp","href":"https:\/\/api.w.org\/{rel}","templated":true}]}}