{"id":6009,"date":"2024-09-11T20:24:59","date_gmt":"2024-09-11T23:24:59","guid":{"rendered":"https:\/\/nordesteimprensa.com.br\/?p=6009"},"modified":"2024-09-11T20:25:00","modified_gmt":"2024-09-11T23:25:00","slug":"suspeito-de-matar-ex-companheira-e-balear-namorado-dela-e-preso-em-monte-alegre","status":"publish","type":"post","link":"https:\/\/nordesteimprensa.com.br\/index.php\/2024\/09\/11\/suspeito-de-matar-ex-companheira-e-balear-namorado-dela-e-preso-em-monte-alegre\/","title":{"rendered":"Suspeito de matar ex-companheira e balear namorado dela \u00e9 preso em Monte Alegre"},"content":{"rendered":"\n<p>Um homem suspeito de matar a ex-companheira e balear o namorado dela foi preso na tarde desta quarta-feira (11), em\u00a0Monte Alegre de Sergipe. A informa\u00e7\u00e3o foi confirmada pela Pol\u00edcia Civil.\u00a0<\/p>\n\n\n\n<p>O crime aconteceu na \u00faltima sexta-feira\u00a0e teria, segundo a pol\u00edcia, sido motivado pelo fim do relacionamento com a v\u00edtima. O homem baleado est\u00e1 internado em estado grave numa unidade de sa\u00fade de Aracaju.\u00a0<\/p>\n\n\n\n<p>O delegado Artur Herbas informou que o suspeito, ap\u00f3s o fim da rela\u00e7\u00e3o passou a perseguir a ex-companheira, alternando entre amea\u00e7as e pedidos para reatar o relacionamento. A v\u00edtima n\u00e3o procurou a pol\u00edcia, para solicitar uma medida protetiva de urg\u00eancia.&nbsp;<\/p>\n\n\n\n<p>No dia do crime, o suspeito entrou na resid\u00eancia da v\u00edtima e disparou tr\u00eas vezes contra o namorado dela e atirou tr\u00eas vezes nela, que morreu no local. Em seguida ele fugiu.&nbsp;<\/p>\n\n\n\n<p>Nesta quarta, ap\u00f3s a pris\u00e3o, o homem passou por audi\u00eancia de cust\u00f3dia e ser\u00e1 encaminhado ao sistema prisional.&nbsp;<\/p>\n\n\n\n<p>A Pol\u00edcia Civil orienta que as mulheres que estejam sofrendo algum tipo de persegui\u00e7\u00e3o procurem a delegacia mais pr\u00f3xima e registrem o boletim de ocorr\u00eancia e o pedido de uma medida protetiva de urg\u00eancia. Den\u00fancias tamb\u00e9m podem ser feitas em qualquer delegacia do estado ou anonimamente pelo Disque-Den\u00fancia (181).\u00a0<br><\/p>\n\n\n\n<p>Fonte: G1<\/p>\n\n\n\n<p><\/p>\n\n\n\n<p><\/p>\n\n\n\n<p><\/p>\n","protected":false},"excerpt":{"rendered":"<p>Um homem suspeito de matar a ex-companheira e balear o namorado dela foi preso na tarde desta quarta-feira (11), em\u00a0Monte Alegre de Sergipe. A informa\u00e7\u00e3o foi confirmada pela Pol\u00edcia Civil.\u00a0 O crime aconteceu na \u00faltima sexta-feira\u00a0e teria, segundo a pol\u00edcia, sido motivado pelo fim do relacionamento com a v\u00edtima. O homem baleado est\u00e1 internado em [&hellip;]<\/p>\n","protected":false},"author":1,"featured_media":6010,"comment_status":"open","ping_status":"open","sticky":false,"template":"","format":"standard","meta":{"footnotes":""},"categories":[10],"tags":[],"class_list":{"0":"post-6009","1":"post","2":"type-post","3":"status-publish","4":"format-standard","5":"has-post-thumbnail","7":"category-theme-features"},"_links":{"self":[{"href":"https:\/\/nordesteimprensa.com.br\/index.php\/wp-json\/wp\/v2\/posts\/6009","targetHints":{"allow":["GET"]}}],"collection":[{"href":"https:\/\/nordesteimprensa.com.br\/index.php\/wp-json\/wp\/v2\/posts"}],"about":[{"href":"https:\/\/nordesteimprensa.com.br\/index.php\/wp-json\/wp\/v2\/types\/post"}],"author":[{"embeddable":true,"href":"https:\/\/nordesteimprensa.com.br\/index.php\/wp-json\/wp\/v2\/users\/1"}],"replies":[{"embeddable":true,"href":"https:\/\/nordesteimprensa.com.br\/index.php\/wp-json\/wp\/v2\/comments?post=6009"}],"version-history":[{"count":1,"href":"https:\/\/nordesteimprensa.com.br\/index.php\/wp-json\/wp\/v2\/posts\/6009\/revisions"}],"predecessor-version":[{"id":6011,"href":"https:\/\/nordesteimprensa.com.br\/index.php\/wp-json\/wp\/v2\/posts\/6009\/revisions\/6011"}],"wp:featuredmedia":[{"embeddable":true,"href":"https:\/\/nordesteimprensa.com.br\/index.php\/wp-json\/wp\/v2\/media\/6010"}],"wp:attachment":[{"href":"https:\/\/nordesteimprensa.com.br\/index.php\/wp-json\/wp\/v2\/media?parent=6009"}],"wp:term":[{"taxonomy":"category","embeddable":true,"href":"https:\/\/nordesteimprensa.com.br\/index.php\/wp-json\/wp\/v2\/categories?post=6009"},{"taxonomy":"post_tag","embeddable":true,"href":"https:\/\/nordesteimprensa.com.br\/index.php\/wp-json\/wp\/v2\/tags?post=6009"}],"curies":[{"name":"wp","href":"https:\/\/api.w.org\/{rel}","templated":true}]}}