{"id":6015,"date":"2024-09-14T10:42:04","date_gmt":"2024-09-14T13:42:04","guid":{"rendered":"https:\/\/nordesteimprensa.com.br\/?p=6015"},"modified":"2024-09-14T10:42:04","modified_gmt":"2024-09-14T13:42:04","slug":"acusado-de-matar-ex-companheira-e-tentar-matar-filho-dela-e-condenado-a-mais-de-16-anos-de-prisao","status":"publish","type":"post","link":"https:\/\/nordesteimprensa.com.br\/index.php\/2024\/09\/14\/acusado-de-matar-ex-companheira-e-tentar-matar-filho-dela-e-condenado-a-mais-de-16-anos-de-prisao\/","title":{"rendered":"Acusado de matar ex-companheira e tentar matar filho dela \u00e9 condenado a mais de 16 anos de pris\u00e3o"},"content":{"rendered":"\n<p>Mulher foi morta a facadas e o filho dela foi atingido ap\u00f3s entrar em luta corporal com o agressor.<\/p>\n\n\n\n<p>O acusado de&nbsp;matar a ex-companheira e tentar matar o filho dela, em junho do ano passado em&nbsp;Laranjeiras, foi condenado a 16 anos e seis meses de pris\u00e3o em regime fechado, sendo 16 anos pelo crime de feminic\u00eddio e seis meses pelo de les\u00e3o corporal leve. O julgamento foi iniciado nesta sexta-feira (13) e terminou durante a madrugada de s\u00e1bado.&nbsp;<\/p>\n\n\n\n<p>Segundo a decis\u00e3o, ele agora ter\u00e1 que cumprir ao menos 50% da pena para ter direito de progredir a pena para o regime semiaberto. O r\u00e9u j\u00e1 est\u00e1 preso desde a \u00e9poca do crime.<\/p>\n\n\n\n<p>A t\u00e9cnica de seguran\u00e7a do trabalho, Josi dos Santos Ferreira, de 45 anos, foi morta a facadas e o filho dela, de 28 anos, chegou a ser atingido ap\u00f3s entrar em luta corporal com o agressor. No dia da morte, a v\u00edtima havia comparecido a um anivers\u00e1rio de uma parente, no Povoado Caititu, em Maruim. Ela deixou dois filhos.<\/p>\n\n\n\n<p>Fonte: g1 Sergipe<\/p>\n","protected":false},"excerpt":{"rendered":"<p>Mulher foi morta a facadas e o filho dela foi atingido ap\u00f3s entrar em luta corporal com o agressor. O acusado de&nbsp;matar a ex-companheira e tentar matar o filho dela, em junho do ano passado em&nbsp;Laranjeiras, foi condenado a 16 anos e seis meses de pris\u00e3o em regime fechado, sendo 16 anos pelo crime de [&hellip;]<\/p>\n","protected":false},"author":1,"featured_media":6016,"comment_status":"open","ping_status":"open","sticky":false,"template":"","format":"standard","meta":{"footnotes":""},"categories":[10],"tags":[],"class_list":{"0":"post-6015","1":"post","2":"type-post","3":"status-publish","4":"format-standard","5":"has-post-thumbnail","7":"category-theme-features"},"_links":{"self":[{"href":"https:\/\/nordesteimprensa.com.br\/index.php\/wp-json\/wp\/v2\/posts\/6015","targetHints":{"allow":["GET"]}}],"collection":[{"href":"https:\/\/nordesteimprensa.com.br\/index.php\/wp-json\/wp\/v2\/posts"}],"about":[{"href":"https:\/\/nordesteimprensa.com.br\/index.php\/wp-json\/wp\/v2\/types\/post"}],"author":[{"embeddable":true,"href":"https:\/\/nordesteimprensa.com.br\/index.php\/wp-json\/wp\/v2\/users\/1"}],"replies":[{"embeddable":true,"href":"https:\/\/nordesteimprensa.com.br\/index.php\/wp-json\/wp\/v2\/comments?post=6015"}],"version-history":[{"count":1,"href":"https:\/\/nordesteimprensa.com.br\/index.php\/wp-json\/wp\/v2\/posts\/6015\/revisions"}],"predecessor-version":[{"id":6017,"href":"https:\/\/nordesteimprensa.com.br\/index.php\/wp-json\/wp\/v2\/posts\/6015\/revisions\/6017"}],"wp:featuredmedia":[{"embeddable":true,"href":"https:\/\/nordesteimprensa.com.br\/index.php\/wp-json\/wp\/v2\/media\/6016"}],"wp:attachment":[{"href":"https:\/\/nordesteimprensa.com.br\/index.php\/wp-json\/wp\/v2\/media?parent=6015"}],"wp:term":[{"taxonomy":"category","embeddable":true,"href":"https:\/\/nordesteimprensa.com.br\/index.php\/wp-json\/wp\/v2\/categories?post=6015"},{"taxonomy":"post_tag","embeddable":true,"href":"https:\/\/nordesteimprensa.com.br\/index.php\/wp-json\/wp\/v2\/tags?post=6015"}],"curies":[{"name":"wp","href":"https:\/\/api.w.org\/{rel}","templated":true}]}}