{"id":6021,"date":"2024-09-14T10:47:13","date_gmt":"2024-09-14T13:47:13","guid":{"rendered":"https:\/\/nordesteimprensa.com.br\/?p=6021"},"modified":"2024-09-16T18:58:09","modified_gmt":"2024-09-16T21:58:09","slug":"riachao-audio-revela-irmao-de-marina-defendendo-a-mae-apos-suposta-agressao-da-candidata","status":"publish","type":"post","link":"https:\/\/nordesteimprensa.com.br\/index.php\/2024\/09\/14\/riachao-audio-revela-irmao-de-marina-defendendo-a-mae-apos-suposta-agressao-da-candidata\/","title":{"rendered":"Riach\u00e3o: \u00e1udio revela irm\u00e3o de Marina defendendo a m\u00e3e ap\u00f3s suposta agress\u00e3o da candidata"},"content":{"rendered":"\n<p>Um \u00e1udio que circula nas redes sociais em Riach\u00e3o do Dantas tem tornado p\u00fablica uma grande pol\u00eamica envolvendo a candidata a prefeita, Marina de Laelson (Avante).<\/p>\n\n\n\n<p>Nele, o irm\u00e3o de Marina \u00e9 ouvido defendendo a m\u00e3e ap\u00f3s uma suposta agress\u00e3o cometida pela pr\u00f3pria candidata. \u201cEu hoje tive com minha m\u00e3e e ela me passou tudo que aconteceu. E eu quero deixar claro para voc\u00ea uma coisa. Na pr\u00f3xima vez que voc\u00ea topar em minha m\u00e3e de novo, e eu souber, eu lhe dou um couro\u201d, diz em um trecho.<\/p>\n\n\n\n<p>O conte\u00fado, que rapidamente se espalhou nas redes sociais, chocou a popula\u00e7\u00e3o, que tamb\u00e9m saiu em defesa da m\u00e3e da candidata.<\/p>\n\n\n\n<p>\u201cSe for defendendo a m\u00e3e dele realmente, est\u00e1 mais que certo. M\u00e3e \u00e9 sagrada, eu defenderia do mesmo jeito. Simples assim\u201d, disse um internauta. \u201cSe t\u00e1 defendendo a m\u00e3e, t\u00e1 mais do que certo\u201d, comentou outro.<\/p>\n\n\n\n<p>Ap\u00f3s receber o \u00e1udio, Marina solicitou uma medida protetiva \u00e0 Justi\u00e7a, que foi prontamente concedida. No entanto, pouco tempo depois, a candidata desistiu do processo iniciado ap\u00f3s as supostas agress\u00f5es contra sua pr\u00f3pria m\u00e3e, deixando muitas perguntas no ar sobre os motivos dessa decis\u00e3o.<\/p>\n","protected":false},"excerpt":{"rendered":"<p>Um \u00e1udio que circula nas redes sociais em Riach\u00e3o do Dantas tem tornado p\u00fablica uma grande pol\u00eamica envolvendo a candidata a prefeita, Marina de Laelson (Avante). Nele, o irm\u00e3o de Marina \u00e9 ouvido defendendo a m\u00e3e ap\u00f3s uma suposta agress\u00e3o cometida pela pr\u00f3pria candidata. \u201cEu hoje tive com minha m\u00e3e e ela me passou tudo [&hellip;]<\/p>\n","protected":false},"author":1,"featured_media":6022,"comment_status":"open","ping_status":"open","sticky":false,"template":"","format":"standard","meta":{"footnotes":""},"categories":[55],"tags":[],"class_list":{"0":"post-6021","1":"post","2":"type-post","3":"status-publish","4":"format-standard","5":"has-post-thumbnail","7":"category-noticia"},"_links":{"self":[{"href":"https:\/\/nordesteimprensa.com.br\/index.php\/wp-json\/wp\/v2\/posts\/6021","targetHints":{"allow":["GET"]}}],"collection":[{"href":"https:\/\/nordesteimprensa.com.br\/index.php\/wp-json\/wp\/v2\/posts"}],"about":[{"href":"https:\/\/nordesteimprensa.com.br\/index.php\/wp-json\/wp\/v2\/types\/post"}],"author":[{"embeddable":true,"href":"https:\/\/nordesteimprensa.com.br\/index.php\/wp-json\/wp\/v2\/users\/1"}],"replies":[{"embeddable":true,"href":"https:\/\/nordesteimprensa.com.br\/index.php\/wp-json\/wp\/v2\/comments?post=6021"}],"version-history":[{"count":1,"href":"https:\/\/nordesteimprensa.com.br\/index.php\/wp-json\/wp\/v2\/posts\/6021\/revisions"}],"predecessor-version":[{"id":6023,"href":"https:\/\/nordesteimprensa.com.br\/index.php\/wp-json\/wp\/v2\/posts\/6021\/revisions\/6023"}],"wp:featuredmedia":[{"embeddable":true,"href":"https:\/\/nordesteimprensa.com.br\/index.php\/wp-json\/wp\/v2\/media\/6022"}],"wp:attachment":[{"href":"https:\/\/nordesteimprensa.com.br\/index.php\/wp-json\/wp\/v2\/media?parent=6021"}],"wp:term":[{"taxonomy":"category","embeddable":true,"href":"https:\/\/nordesteimprensa.com.br\/index.php\/wp-json\/wp\/v2\/categories?post=6021"},{"taxonomy":"post_tag","embeddable":true,"href":"https:\/\/nordesteimprensa.com.br\/index.php\/wp-json\/wp\/v2\/tags?post=6021"}],"curies":[{"name":"wp","href":"https:\/\/api.w.org\/{rel}","templated":true}]}}