{"id":603,"date":"2020-08-17T14:56:28","date_gmt":"2020-08-17T17:56:28","guid":{"rendered":"http:\/\/nordesteimprensa.com.br\/?p=603"},"modified":"2020-08-17T14:56:31","modified_gmt":"2020-08-17T17:56:31","slug":"crianca-morre-apos-cair-de-motocicleta-e-ser-atropelada-por-caminhao-em-nossa-senhora-da-gloria","status":"publish","type":"post","link":"https:\/\/nordesteimprensa.com.br\/index.php\/2020\/08\/17\/crianca-morre-apos-cair-de-motocicleta-e-ser-atropelada-por-caminhao-em-nossa-senhora-da-gloria\/","title":{"rendered":"Crian\u00e7a morre ap\u00f3s cair de motocicleta e ser atropelada por caminh\u00e3o em Nossa Senhora da Gl\u00f3ria"},"content":{"rendered":"\n<p>Um menino de sete anos morreu na noite dessa sexta-feira (24), ap\u00f3s cair de uma motocicleta pilotada pela m\u00e3e e ser atropelado por um caminh\u00e3o em Nossa Senhora da Gl\u00f3ria.<\/p>\n\n\n\n<p>De acordo com o delegado Ant\u00f4nio Francisco, que atendeu a ocorr\u00eancia, a motocicleta estava parada em um acostamento, quando tombou e a m\u00e3e e a crian\u00e7a ca\u00edram. Nesse momento, o caminh\u00e3o passou e atropelou o menino. O motorista seguiu sem prestar socorro. &#8220;J\u00e1 identificamos a autoria. O inqu\u00e9rito ser\u00e1 instaurado e o caso vai ser investigado pelo delegado Samuel [Brito]&#8221;, disse.<\/p>\n\n\n\n<p>A m\u00e3e teve ferimentos leves causados pela queda. O menino morreu no local e o corpo foi levado para o Instituto M\u00e9dico Legal, sendo liberado neste s\u00e1bado (25) para sepultamento.<\/p>\n","protected":false},"excerpt":{"rendered":"<p>Um menino de sete anos morreu na noite dessa sexta-feira (24), ap\u00f3s cair de uma motocicleta pilotada pela m\u00e3e e ser atropelado por um caminh\u00e3o em Nossa Senhora da Gl\u00f3ria. De acordo com o delegado Ant\u00f4nio Francisco, que atendeu a ocorr\u00eancia, a motocicleta estava parada em um acostamento, quando tombou e a m\u00e3e e a [&hellip;]<\/p>\n","protected":false},"author":1,"featured_media":0,"comment_status":"open","ping_status":"open","sticky":false,"template":"","format":"standard","meta":{"footnotes":""},"categories":[43],"tags":[],"class_list":{"0":"post-603","1":"post","2":"type-post","3":"status-publish","4":"format-standard","6":"category-acidente"},"_links":{"self":[{"href":"https:\/\/nordesteimprensa.com.br\/index.php\/wp-json\/wp\/v2\/posts\/603","targetHints":{"allow":["GET"]}}],"collection":[{"href":"https:\/\/nordesteimprensa.com.br\/index.php\/wp-json\/wp\/v2\/posts"}],"about":[{"href":"https:\/\/nordesteimprensa.com.br\/index.php\/wp-json\/wp\/v2\/types\/post"}],"author":[{"embeddable":true,"href":"https:\/\/nordesteimprensa.com.br\/index.php\/wp-json\/wp\/v2\/users\/1"}],"replies":[{"embeddable":true,"href":"https:\/\/nordesteimprensa.com.br\/index.php\/wp-json\/wp\/v2\/comments?post=603"}],"version-history":[{"count":1,"href":"https:\/\/nordesteimprensa.com.br\/index.php\/wp-json\/wp\/v2\/posts\/603\/revisions"}],"predecessor-version":[{"id":604,"href":"https:\/\/nordesteimprensa.com.br\/index.php\/wp-json\/wp\/v2\/posts\/603\/revisions\/604"}],"wp:attachment":[{"href":"https:\/\/nordesteimprensa.com.br\/index.php\/wp-json\/wp\/v2\/media?parent=603"}],"wp:term":[{"taxonomy":"category","embeddable":true,"href":"https:\/\/nordesteimprensa.com.br\/index.php\/wp-json\/wp\/v2\/categories?post=603"},{"taxonomy":"post_tag","embeddable":true,"href":"https:\/\/nordesteimprensa.com.br\/index.php\/wp-json\/wp\/v2\/tags?post=603"}],"curies":[{"name":"wp","href":"https:\/\/api.w.org\/{rel}","templated":true}]}}