{"id":6118,"date":"2024-09-25T08:50:54","date_gmt":"2024-09-25T11:50:54","guid":{"rendered":"https:\/\/nordesteimprensa.com.br\/?p=6118"},"modified":"2024-09-25T08:50:55","modified_gmt":"2024-09-25T11:50:55","slug":"idoso-de-80-anos-e-preso-em-flagrante-por-abuso-sexual-contra-crianca-da-propria-familia","status":"publish","type":"post","link":"https:\/\/nordesteimprensa.com.br\/index.php\/2024\/09\/25\/idoso-de-80-anos-e-preso-em-flagrante-por-abuso-sexual-contra-crianca-da-propria-familia\/","title":{"rendered":"Idoso de 80 anos \u00e9 preso em flagrante por abuso sexual contra crian\u00e7a da pr\u00f3pria fam\u00edlia"},"content":{"rendered":"\n<p>Um idoso de 80 anos foi preso em flagrante, nesta segunda-feira (23), ap\u00f3s abusar sexualmente de uma crian\u00e7a de nove anos que faz parte da pr\u00f3pria fam\u00edlia do acusado. O caso foi registrado no munic\u00edpio de Graccho Cardoso. O pai da v\u00edtima flagrou o ato praticado pelo idoso.&nbsp;<\/p>\n\n\n\n<p>De acordo com o delegado Felipe T\u00f3cori, respons\u00e1vel pelo caso, as dilig\u00eancias policiais iniciaram ap\u00f3s o registro do Boletim de Ocorr\u00eancia pelos familiares. O crime ocorreu na casa do suspeito e foi flagrado pelo pai da crian\u00e7a. A resid\u00eancia onde o caso aconteceu fica na zona rural do munic\u00edpio.<\/p>\n\n\n\n<p>Ap\u00f3s o registro do B.O, os agentes localizaram o suspeito e o conduziram \u00e0 delegacia, para prestar depoimento. J\u00e1 a v\u00edtima, foi encaminhada para assist\u00eancia social e atendimento psicol\u00f3gico junto \u00e0 equipe do Creas. Al\u00e9m disso, o Conselho Tutelar acompanhou toda a a\u00e7\u00e3o.<\/p>\n\n\n\n<p>O delegado Felipe T\u00f3cori explica que \u00e9 importante a atua\u00e7\u00e3o direta e \u00e1gil das entidades de Seguran\u00e7a P\u00fablica neste tipo de crime. &#8220;A viol\u00eancia sexual contra crian\u00e7as \u00e9 uma situa\u00e7\u00e3o que nos choca e exige uma resposta r\u00e1pida e eficaz da pol\u00edcia. Nossa prioridade \u00e9 proteger a v\u00edtima e garantir que o autor dos atos violentos seja responsabilizado&#8221;, concluiu.&nbsp;<\/p>\n\n\n\n<p>O preso foi encaminhado ao Poder Judici\u00e1rio, para aguardar audi\u00eancia de cust\u00f3dia. A Pol\u00edcia Civil continuar\u00e1 a investiga\u00e7\u00e3o do caso, para apurar os desdobramentos.<\/p>\n\n\n\n<p>Fonte: A8se<\/p>\n","protected":false},"excerpt":{"rendered":"<p>Um idoso de 80 anos foi preso em flagrante, nesta segunda-feira (23), ap\u00f3s abusar sexualmente de uma crian\u00e7a de nove anos que faz parte da pr\u00f3pria fam\u00edlia do acusado. O caso foi registrado no munic\u00edpio de Graccho Cardoso. O pai da v\u00edtima flagrou o ato praticado pelo idoso.&nbsp; De acordo com o delegado Felipe T\u00f3cori, [&hellip;]<\/p>\n","protected":false},"author":1,"featured_media":6119,"comment_status":"open","ping_status":"open","sticky":false,"template":"","format":"standard","meta":{"footnotes":""},"categories":[10],"tags":[],"class_list":{"0":"post-6118","1":"post","2":"type-post","3":"status-publish","4":"format-standard","5":"has-post-thumbnail","7":"category-theme-features"},"_links":{"self":[{"href":"https:\/\/nordesteimprensa.com.br\/index.php\/wp-json\/wp\/v2\/posts\/6118","targetHints":{"allow":["GET"]}}],"collection":[{"href":"https:\/\/nordesteimprensa.com.br\/index.php\/wp-json\/wp\/v2\/posts"}],"about":[{"href":"https:\/\/nordesteimprensa.com.br\/index.php\/wp-json\/wp\/v2\/types\/post"}],"author":[{"embeddable":true,"href":"https:\/\/nordesteimprensa.com.br\/index.php\/wp-json\/wp\/v2\/users\/1"}],"replies":[{"embeddable":true,"href":"https:\/\/nordesteimprensa.com.br\/index.php\/wp-json\/wp\/v2\/comments?post=6118"}],"version-history":[{"count":1,"href":"https:\/\/nordesteimprensa.com.br\/index.php\/wp-json\/wp\/v2\/posts\/6118\/revisions"}],"predecessor-version":[{"id":6120,"href":"https:\/\/nordesteimprensa.com.br\/index.php\/wp-json\/wp\/v2\/posts\/6118\/revisions\/6120"}],"wp:featuredmedia":[{"embeddable":true,"href":"https:\/\/nordesteimprensa.com.br\/index.php\/wp-json\/wp\/v2\/media\/6119"}],"wp:attachment":[{"href":"https:\/\/nordesteimprensa.com.br\/index.php\/wp-json\/wp\/v2\/media?parent=6118"}],"wp:term":[{"taxonomy":"category","embeddable":true,"href":"https:\/\/nordesteimprensa.com.br\/index.php\/wp-json\/wp\/v2\/categories?post=6118"},{"taxonomy":"post_tag","embeddable":true,"href":"https:\/\/nordesteimprensa.com.br\/index.php\/wp-json\/wp\/v2\/tags?post=6118"}],"curies":[{"name":"wp","href":"https:\/\/api.w.org\/{rel}","templated":true}]}}