{"id":6206,"date":"2024-10-11T16:30:49","date_gmt":"2024-10-11T19:30:49","guid":{"rendered":"https:\/\/nordesteimprensa.com.br\/?p=6206"},"modified":"2024-10-12T16:32:36","modified_gmt":"2024-10-12T19:32:36","slug":"homem-e-morto-e-outro-fica-ferido-durante-saida-temporaria-de-presidio","status":"publish","type":"post","link":"https:\/\/nordesteimprensa.com.br\/index.php\/2024\/10\/11\/homem-e-morto-e-outro-fica-ferido-durante-saida-temporaria-de-presidio\/","title":{"rendered":"Homem \u00e9 morto e outro fica ferido durante sa\u00edda tempor\u00e1ria de pres\u00eddio"},"content":{"rendered":"\n<p>Dois presidi\u00e1rios foram baleados e um deles morreu ao sa\u00edrem do Pres\u00eddio Semiaberto de Areia Branca na manh\u00e3 desta quinta-feira (10). De acordo com a Secretaria de Estado da Justi\u00e7a e de Defesa do Consumidor (Sejuc), eles estavam na parte externa da unidade, quando um carro passou e disparou.<\/p>\n\n\n\n<p>O crime ocorreu nas proximidades da BR-235. Na tentativa de se abrigar, um dos internos retornou para o per\u00edmetro da unidade prisional, mas n\u00e3o resistiu. O outro foi socorrido e encaminhado.<\/p>\n\n\n\n<p>A dupla teria sa\u00edda tempor\u00e1ria expedida Justi\u00e7a. O homem morto tinha 26 anos e , respondia pelos crimes de latroc\u00ednio e roubo qualificado. J\u00e1 o segundo, de 37, cumpre pena na unidade tamb\u00e9m por roubo qualificado.<\/p>\n\n\n\n<p>O caso ser\u00e1 investigado pela Pol\u00edcia Civil.<\/p>\n\n\n\n<p>Sa\u00fade:<\/p>\n\n\n\n<p>A Secretaria de Estado da Sa\u00fade (SES) informa que o paciente M. O. P., atendido pelo Hospital de Urg\u00eancias de Sergipe Governador Jo\u00e3o Alves (Huse), recebe cuidados da equipe multidisciplinar da unidade hospitalar. Foi submetido a exames m\u00e9dicos e segue em atendimento pela especialidade de Cirurgia Geral. O quadro de sa\u00fade \u00e9 considerado est\u00e1vel pela equipe m\u00e9dica.<\/p>\n\n\n\n<p>Fonte: G1 Sergipe<\/p>\n","protected":false},"excerpt":{"rendered":"<p>Dois presidi\u00e1rios foram baleados e um deles morreu ao sa\u00edrem do Pres\u00eddio Semiaberto de Areia Branca na manh\u00e3 desta quinta-feira (10). De acordo com a Secretaria de Estado da Justi\u00e7a e de Defesa do Consumidor (Sejuc), eles estavam na parte externa da unidade, quando um carro passou e disparou. O crime ocorreu nas proximidades da [&hellip;]<\/p>\n","protected":false},"author":1,"featured_media":6210,"comment_status":"open","ping_status":"open","sticky":false,"template":"","format":"standard","meta":{"footnotes":""},"categories":[10],"tags":[],"class_list":{"0":"post-6206","1":"post","2":"type-post","3":"status-publish","4":"format-standard","5":"has-post-thumbnail","7":"category-theme-features"},"_links":{"self":[{"href":"https:\/\/nordesteimprensa.com.br\/index.php\/wp-json\/wp\/v2\/posts\/6206","targetHints":{"allow":["GET"]}}],"collection":[{"href":"https:\/\/nordesteimprensa.com.br\/index.php\/wp-json\/wp\/v2\/posts"}],"about":[{"href":"https:\/\/nordesteimprensa.com.br\/index.php\/wp-json\/wp\/v2\/types\/post"}],"author":[{"embeddable":true,"href":"https:\/\/nordesteimprensa.com.br\/index.php\/wp-json\/wp\/v2\/users\/1"}],"replies":[{"embeddable":true,"href":"https:\/\/nordesteimprensa.com.br\/index.php\/wp-json\/wp\/v2\/comments?post=6206"}],"version-history":[{"count":1,"href":"https:\/\/nordesteimprensa.com.br\/index.php\/wp-json\/wp\/v2\/posts\/6206\/revisions"}],"predecessor-version":[{"id":6211,"href":"https:\/\/nordesteimprensa.com.br\/index.php\/wp-json\/wp\/v2\/posts\/6206\/revisions\/6211"}],"wp:featuredmedia":[{"embeddable":true,"href":"https:\/\/nordesteimprensa.com.br\/index.php\/wp-json\/wp\/v2\/media\/6210"}],"wp:attachment":[{"href":"https:\/\/nordesteimprensa.com.br\/index.php\/wp-json\/wp\/v2\/media?parent=6206"}],"wp:term":[{"taxonomy":"category","embeddable":true,"href":"https:\/\/nordesteimprensa.com.br\/index.php\/wp-json\/wp\/v2\/categories?post=6206"},{"taxonomy":"post_tag","embeddable":true,"href":"https:\/\/nordesteimprensa.com.br\/index.php\/wp-json\/wp\/v2\/tags?post=6206"}],"curies":[{"name":"wp","href":"https:\/\/api.w.org\/{rel}","templated":true}]}}