{"id":6226,"date":"2024-10-19T11:50:20","date_gmt":"2024-10-19T14:50:20","guid":{"rendered":"https:\/\/nordesteimprensa.com.br\/?p=6226"},"modified":"2024-10-19T11:50:21","modified_gmt":"2024-10-19T14:50:21","slug":"advogado-morre-baleado-e-filho-fica-ferido-policia-investiga-crime","status":"publish","type":"post","link":"https:\/\/nordesteimprensa.com.br\/index.php\/2024\/10\/19\/advogado-morre-baleado-e-filho-fica-ferido-policia-investiga-crime\/","title":{"rendered":"Advogado morre baleado e filho fica ferido; pol\u00edcia investiga crime"},"content":{"rendered":"\n<p>Um advogado morreu ap\u00f3s ser assassinado a tiros&nbsp; na noite da sexta-feira, 18. O caso ocorreu enquanto ele e o filho estavam dentro do pr\u00f3prio ve\u00edculo, no bairro Jardins, em Aracaju. A v\u00edtima foi o advogado Jos\u00e9 Lael de Souza Rodrigues J\u00fanior, de 42 anos,.<\/p>\n\n\n\n<p>De acordo com a Secretaria de Seguran\u00e7a P\u00fablica (SSP), ap\u00f3s serem baleados, o filho conseguiu chegar a um hospital particular em busca de socorro. No entanto, o advogado faleceu pouco depois de dar entrada na unidade de sa\u00fade. As informa\u00e7\u00f5es iniciais indicam que dois homens teriam chegado em uma motocicleta e efetuado os disparos.<\/p>\n\n\n\n<p>Diante do ocorrido, o Departamento de Homic\u00eddios e Prote\u00e7\u00e3o \u00e0 Pessoa (DHPP) da Pol\u00edcia Civil iniciou as investiga\u00e7\u00f5es e j\u00e1 realizou dilig\u00eancias no local do crime, com coleta de imagens nas proximidades. A per\u00edcia j\u00e1 esteve no local e constatou m\u00faltiplos disparos no ve\u00edculo.<\/p>\n\n\n\n<p>Ainda conforme a SSP, um Inqu\u00e9rito Policial foi instaurado para investigar o caso e o corpo do advogado foi encaminhado para o Instituto M\u00e9dico Legal (IML). O Comando da Pol\u00edcia Militar determinou que equipes realizem dilig\u00eancias para identificar os respons\u00e1veis pelo crime.&nbsp;<\/p>\n\n\n\n<p><\/p>\n\n\n\n<p><\/p>\n\n\n\n<p><\/p>\n","protected":false},"excerpt":{"rendered":"<p>Um advogado morreu ap\u00f3s ser assassinado a tiros&nbsp; na noite da sexta-feira, 18. O caso ocorreu enquanto ele e o filho estavam dentro do pr\u00f3prio ve\u00edculo, no bairro Jardins, em Aracaju. A v\u00edtima foi o advogado Jos\u00e9 Lael de Souza Rodrigues J\u00fanior, de 42 anos,. De acordo com a Secretaria de Seguran\u00e7a P\u00fablica (SSP), ap\u00f3s [&hellip;]<\/p>\n","protected":false},"author":1,"featured_media":6227,"comment_status":"open","ping_status":"open","sticky":false,"template":"","format":"standard","meta":{"footnotes":""},"categories":[10],"tags":[],"class_list":{"0":"post-6226","1":"post","2":"type-post","3":"status-publish","4":"format-standard","5":"has-post-thumbnail","7":"category-theme-features"},"_links":{"self":[{"href":"https:\/\/nordesteimprensa.com.br\/index.php\/wp-json\/wp\/v2\/posts\/6226","targetHints":{"allow":["GET"]}}],"collection":[{"href":"https:\/\/nordesteimprensa.com.br\/index.php\/wp-json\/wp\/v2\/posts"}],"about":[{"href":"https:\/\/nordesteimprensa.com.br\/index.php\/wp-json\/wp\/v2\/types\/post"}],"author":[{"embeddable":true,"href":"https:\/\/nordesteimprensa.com.br\/index.php\/wp-json\/wp\/v2\/users\/1"}],"replies":[{"embeddable":true,"href":"https:\/\/nordesteimprensa.com.br\/index.php\/wp-json\/wp\/v2\/comments?post=6226"}],"version-history":[{"count":1,"href":"https:\/\/nordesteimprensa.com.br\/index.php\/wp-json\/wp\/v2\/posts\/6226\/revisions"}],"predecessor-version":[{"id":6228,"href":"https:\/\/nordesteimprensa.com.br\/index.php\/wp-json\/wp\/v2\/posts\/6226\/revisions\/6228"}],"wp:featuredmedia":[{"embeddable":true,"href":"https:\/\/nordesteimprensa.com.br\/index.php\/wp-json\/wp\/v2\/media\/6227"}],"wp:attachment":[{"href":"https:\/\/nordesteimprensa.com.br\/index.php\/wp-json\/wp\/v2\/media?parent=6226"}],"wp:term":[{"taxonomy":"category","embeddable":true,"href":"https:\/\/nordesteimprensa.com.br\/index.php\/wp-json\/wp\/v2\/categories?post=6226"},{"taxonomy":"post_tag","embeddable":true,"href":"https:\/\/nordesteimprensa.com.br\/index.php\/wp-json\/wp\/v2\/tags?post=6226"}],"curies":[{"name":"wp","href":"https:\/\/api.w.org\/{rel}","templated":true}]}}