{"id":6582,"date":"2025-01-28T17:24:03","date_gmt":"2025-01-28T20:24:03","guid":{"rendered":"https:\/\/nordesteimprensa.com.br\/?p=6582"},"modified":"2025-01-28T17:24:03","modified_gmt":"2025-01-28T20:24:03","slug":"policia-cumpre-mandado-de-prisao-contra-homem-suspeito-de-agredir-ex-companheira-com-facadas-em-aracaju","status":"publish","type":"post","link":"https:\/\/nordesteimprensa.com.br\/index.php\/2025\/01\/28\/policia-cumpre-mandado-de-prisao-contra-homem-suspeito-de-agredir-ex-companheira-com-facadas-em-aracaju\/","title":{"rendered":"Pol\u00edcia cumpre mandado de pris\u00e3o contra homem suspeito de agredir ex-companheira com facadas em Aracaju"},"content":{"rendered":"\n<p>Um mandado de pris\u00e3o preventiva contra um homem investigado por tentativa de feminic\u00eddio foi cumprido pela Delegacia Especial de Atendimento \u00e0 Mulher (Deam). A informa\u00e7\u00e3o foi divulgada nesta sexta-feira (28).<\/p>\n\n\n\n<p>Segundo a Pol\u00edcia Civil, o crime aconteceu por volta das 7h do dia 20 de dezembro de 2024, em Aracaju, quando a v\u00edtima estava levando o sua filho \u00e0 casa da cuidadora. Na sa\u00edda do local, ela foi abordada pelo investigado, que estava armado com uma faca. Ele tomou o celular da v\u00edtima, quebrou o aparelho e passou a desferir golpes contra ela. A mulher foi atingida no bra\u00e7o e na perna, totalizando tr\u00eas facadas.<\/p>\n\n\n\n<p>O ataque foi interrompido por pessoas que estavam pr\u00f3ximas ao local, que conseguiram conter o agressor, e ele fugiu em seguida.<\/p>\n\n\n\n<p>Na \u00e9poca do fato, a v\u00edtima foi socorrida e registrou o caso na Deam, relatando ainda que o relacionamento com o investigado havia durado cerca de um ano e seis meses e que a separa\u00e7\u00e3o ocorreu poucos dias antes, motivada por epis\u00f3dios de trai\u00e7\u00e3o.<\/p>\n\n\n\n<p>A v\u00edtima tamb\u00e9m informou que havia um hist\u00f3rico de agress\u00f5es f\u00edsicas, incluindo queimaduras, e que, desde o t\u00e9rmino da rela\u00e7\u00e3o, estava sendo constantemente perseguida pelo investigado.<\/p>\n\n\n\n<p>Ap\u00f3s a apura\u00e7\u00e3o dos fatos e coleta de provas, a Pol\u00edcia Civil solicitou \u00e0 Justi\u00e7a o mandado de pris\u00e3o preventiva, que foi cumprido na data de ontem.<\/p>\n\n\n\n<p>Fonte: A8se<\/p>\n","protected":false},"excerpt":{"rendered":"<p>Um mandado de pris\u00e3o preventiva contra um homem investigado por tentativa de feminic\u00eddio foi cumprido pela Delegacia Especial de Atendimento \u00e0 Mulher (Deam). A informa\u00e7\u00e3o foi divulgada nesta sexta-feira (28). Segundo a Pol\u00edcia Civil, o crime aconteceu por volta das 7h do dia 20 de dezembro de 2024, em Aracaju, quando a v\u00edtima estava levando [&hellip;]<\/p>\n","protected":false},"author":6,"featured_media":6583,"comment_status":"open","ping_status":"open","sticky":false,"template":"","format":"standard","meta":{"footnotes":""},"categories":[10],"tags":[],"class_list":{"0":"post-6582","1":"post","2":"type-post","3":"status-publish","4":"format-standard","5":"has-post-thumbnail","7":"category-theme-features"},"_links":{"self":[{"href":"https:\/\/nordesteimprensa.com.br\/index.php\/wp-json\/wp\/v2\/posts\/6582","targetHints":{"allow":["GET"]}}],"collection":[{"href":"https:\/\/nordesteimprensa.com.br\/index.php\/wp-json\/wp\/v2\/posts"}],"about":[{"href":"https:\/\/nordesteimprensa.com.br\/index.php\/wp-json\/wp\/v2\/types\/post"}],"author":[{"embeddable":true,"href":"https:\/\/nordesteimprensa.com.br\/index.php\/wp-json\/wp\/v2\/users\/6"}],"replies":[{"embeddable":true,"href":"https:\/\/nordesteimprensa.com.br\/index.php\/wp-json\/wp\/v2\/comments?post=6582"}],"version-history":[{"count":1,"href":"https:\/\/nordesteimprensa.com.br\/index.php\/wp-json\/wp\/v2\/posts\/6582\/revisions"}],"predecessor-version":[{"id":6584,"href":"https:\/\/nordesteimprensa.com.br\/index.php\/wp-json\/wp\/v2\/posts\/6582\/revisions\/6584"}],"wp:featuredmedia":[{"embeddable":true,"href":"https:\/\/nordesteimprensa.com.br\/index.php\/wp-json\/wp\/v2\/media\/6583"}],"wp:attachment":[{"href":"https:\/\/nordesteimprensa.com.br\/index.php\/wp-json\/wp\/v2\/media?parent=6582"}],"wp:term":[{"taxonomy":"category","embeddable":true,"href":"https:\/\/nordesteimprensa.com.br\/index.php\/wp-json\/wp\/v2\/categories?post=6582"},{"taxonomy":"post_tag","embeddable":true,"href":"https:\/\/nordesteimprensa.com.br\/index.php\/wp-json\/wp\/v2\/tags?post=6582"}],"curies":[{"name":"wp","href":"https:\/\/api.w.org\/{rel}","templated":true}]}}