{"id":6587,"date":"2025-01-29T09:14:56","date_gmt":"2025-01-29T12:14:56","guid":{"rendered":"https:\/\/nordesteimprensa.com.br\/?p=6587"},"modified":"2025-01-29T09:14:57","modified_gmt":"2025-01-29T12:14:57","slug":"manutencao-afeta-abastecimento-de-agua-em-oito-municipios-de-sergipe","status":"publish","type":"post","link":"https:\/\/nordesteimprensa.com.br\/index.php\/2025\/01\/29\/manutencao-afeta-abastecimento-de-agua-em-oito-municipios-de-sergipe\/","title":{"rendered":"Manuten\u00e7\u00e3o afeta abastecimento de \u00e1gua em oito munic\u00edpios de Sergipe"},"content":{"rendered":"\n<p>A Companhia de Saneamento de Sergipe (Deso) informou que o abastecimento de \u00e1gua foi interrompido em oito munic\u00edpios do estado nesta quarta-feira, 29, devido a uma manuten\u00e7\u00e3o corretiva emergencial no bombeamento da Esta\u00e7\u00e3o Elevat\u00f3ria EE2A \u2013 Adutora do Semi\u00e1rido. A previs\u00e3o \u00e9 de que os servi\u00e7os sejam conclu\u00eddos at\u00e9 as 17h desta quarta.<\/p>\n\n\n\n<p><strong>Munic\u00edpios afetados:<\/strong><\/p>\n\n\n\n<p>\u2013 Carira<\/p>\n\n\n\n<p>\u2013 Frei Paulo<\/p>\n\n\n\n<p>\u2013 Nossa Senhora Aparecida<\/p>\n\n\n\n<p>\u2013 Nossa Senhora da Gl\u00f3ria<\/p>\n\n\n\n<p>\u2013 S\u00e3o Miguel do Aleixo<\/p>\n\n\n\n<p>\u2013 Pedra Mole<\/p>\n\n\n\n<p>\u2013 Pinh\u00e3o<\/p>\n\n\n\n<p>Al\u00e9m disso, os povoados Queimadas, Lagoa da Mata, Salgado, Caenda, Velame e Malhada das Capelas, localizados nos munic\u00edpios de Gararu e Ribeir\u00f3polis, tamb\u00e9m foram impactados pela interrup\u00e7\u00e3o no abastecimento.<\/p>\n\n\n\n<p>A Deso destacou que, ap\u00f3s a finaliza\u00e7\u00e3o da manuten\u00e7\u00e3o, o fornecimento de \u00e1gua ser\u00e1 retomado gradualmente, dependendo das caracter\u00edsticas das tubula\u00e7\u00f5es em cada localidade. A companhia recomenda que a popula\u00e7\u00e3o reserve \u00e1gua e a utilize de forma racional at\u00e9 a normaliza\u00e7\u00e3o completa do sistema.<\/p>\n\n\n\n<p>D\u00favidas ou solicita\u00e7\u00f5es podem ser encaminhadas aos canais de atendimento da Deso.<\/p>\n\n\n\n<p>Fonte: Infonet<\/p>\n","protected":false},"excerpt":{"rendered":"<p>A Companhia de Saneamento de Sergipe (Deso) informou que o abastecimento de \u00e1gua foi interrompido em oito munic\u00edpios do estado nesta quarta-feira, 29, devido a uma manuten\u00e7\u00e3o corretiva emergencial no bombeamento da Esta\u00e7\u00e3o Elevat\u00f3ria EE2A \u2013 Adutora do Semi\u00e1rido. A previs\u00e3o \u00e9 de que os servi\u00e7os sejam conclu\u00eddos at\u00e9 as 17h desta quarta. Munic\u00edpios afetados: [&hellip;]<\/p>\n","protected":false},"author":6,"featured_media":6588,"comment_status":"open","ping_status":"open","sticky":false,"template":"","format":"standard","meta":{"footnotes":""},"categories":[10],"tags":[],"class_list":{"0":"post-6587","1":"post","2":"type-post","3":"status-publish","4":"format-standard","5":"has-post-thumbnail","7":"category-theme-features"},"_links":{"self":[{"href":"https:\/\/nordesteimprensa.com.br\/index.php\/wp-json\/wp\/v2\/posts\/6587","targetHints":{"allow":["GET"]}}],"collection":[{"href":"https:\/\/nordesteimprensa.com.br\/index.php\/wp-json\/wp\/v2\/posts"}],"about":[{"href":"https:\/\/nordesteimprensa.com.br\/index.php\/wp-json\/wp\/v2\/types\/post"}],"author":[{"embeddable":true,"href":"https:\/\/nordesteimprensa.com.br\/index.php\/wp-json\/wp\/v2\/users\/6"}],"replies":[{"embeddable":true,"href":"https:\/\/nordesteimprensa.com.br\/index.php\/wp-json\/wp\/v2\/comments?post=6587"}],"version-history":[{"count":1,"href":"https:\/\/nordesteimprensa.com.br\/index.php\/wp-json\/wp\/v2\/posts\/6587\/revisions"}],"predecessor-version":[{"id":6589,"href":"https:\/\/nordesteimprensa.com.br\/index.php\/wp-json\/wp\/v2\/posts\/6587\/revisions\/6589"}],"wp:featuredmedia":[{"embeddable":true,"href":"https:\/\/nordesteimprensa.com.br\/index.php\/wp-json\/wp\/v2\/media\/6588"}],"wp:attachment":[{"href":"https:\/\/nordesteimprensa.com.br\/index.php\/wp-json\/wp\/v2\/media?parent=6587"}],"wp:term":[{"taxonomy":"category","embeddable":true,"href":"https:\/\/nordesteimprensa.com.br\/index.php\/wp-json\/wp\/v2\/categories?post=6587"},{"taxonomy":"post_tag","embeddable":true,"href":"https:\/\/nordesteimprensa.com.br\/index.php\/wp-json\/wp\/v2\/tags?post=6587"}],"curies":[{"name":"wp","href":"https:\/\/api.w.org\/{rel}","templated":true}]}}