{"id":6594,"date":"2025-01-29T11:41:34","date_gmt":"2025-01-29T14:41:34","guid":{"rendered":"https:\/\/nordesteimprensa.com.br\/?p=6594"},"modified":"2025-01-29T11:41:35","modified_gmt":"2025-01-29T14:41:35","slug":"operacao-da-pf-mira-fraudes-bancarias-com-prisoes-em-sergipe-e-bahia","status":"publish","type":"post","link":"https:\/\/nordesteimprensa.com.br\/index.php\/2025\/01\/29\/operacao-da-pf-mira-fraudes-bancarias-com-prisoes-em-sergipe-e-bahia\/","title":{"rendered":"Opera\u00e7\u00e3o da PF mira fraudes banc\u00e1rias com pris\u00f5es em Sergipe e Bahia"},"content":{"rendered":"\n<p>A Pol\u00edcia Federal deflagrou na manh\u00e3 desta quarta-feira, 29, a \u2018Opera\u00e7\u00e3o Sharper\u2019, com o objetivo de combater fraudes banc\u00e1rias que causaram um preju\u00edzo superior a R$ 240 mil para a Caixa Econ\u00f4mica Federal e outras institui\u00e7\u00f5es. Em Sergipe, foi cumprido um mandado de pris\u00e3o preventiva em Itaporanga D\u2019Ajuda.<\/p>\n\n\n\n<p>A investiga\u00e7\u00e3o revelou que o grupo criminoso utilizava documentos falsos para abrir contas banc\u00e1rias em ag\u00eancias da Caixa, incluindo a unidade de Aracaju. A partir dessas contas, eram realizados empr\u00e9stimos fraudulentos.<\/p>\n\n\n\n<p>Os mandados judiciais foram expedidos pela 2\u00aa Vara Federal da Se\u00e7\u00e3o Judici\u00e1ria de Feira de Santana\/BA. No total, a opera\u00e7\u00e3o cumpriu sete mandados de busca e apreens\u00e3o e sete de pris\u00e3o preventiva, sendo cinco em Feira de Santana (BA), um em Santo Ant\u00f4nio de Jesus (BA) e um em Itaporanga D\u2019Ajuda, interior de Sergipe.<\/p>\n\n\n\n<p><strong>Esquema de fraudes<\/strong><\/p>\n\n\n\n<p>A investiga\u00e7\u00e3o, realizada com o apoio da Centralizadora Nacional de Seguran\u00e7a e Preven\u00e7\u00e3o a Fraude (CEFRA) da Caixa, identificou a abertura de oito contas fraudulentas em ag\u00eancias de Feira de Santana, Am\u00e9lia Rodrigues e Riach\u00e3o do Jacu\u00edpe, na Bahia, al\u00e9m de Aracaju, em Sergipe.<\/p>\n\n\n\n<p>Os suspeitos falsificavam documentos de identidade, alterando fotografias e impress\u00f5es digitais para associar os dados verdadeiros dos documentos \u00e0s informa\u00e7\u00f5es biom\u00e9tricas de integrantes do grupo criminoso.<\/p>\n\n\n\n<p>Os investigados responder\u00e3o pelos crimes de associa\u00e7\u00e3o criminosa e estelionato. A Pol\u00edcia Federal continua as investiga\u00e7\u00f5es para identificar outros envolvidos e recuperar os valores desviados.<\/p>\n\n\n\n<p>Fonte: Infonet<\/p>\n","protected":false},"excerpt":{"rendered":"<p>A Pol\u00edcia Federal deflagrou na manh\u00e3 desta quarta-feira, 29, a \u2018Opera\u00e7\u00e3o Sharper\u2019, com o objetivo de combater fraudes banc\u00e1rias que causaram um preju\u00edzo superior a R$ 240 mil para a Caixa Econ\u00f4mica Federal e outras institui\u00e7\u00f5es. Em Sergipe, foi cumprido um mandado de pris\u00e3o preventiva em Itaporanga D\u2019Ajuda. A investiga\u00e7\u00e3o revelou que o grupo criminoso [&hellip;]<\/p>\n","protected":false},"author":6,"featured_media":6595,"comment_status":"open","ping_status":"open","sticky":false,"template":"","format":"standard","meta":{"footnotes":""},"categories":[10],"tags":[],"class_list":{"0":"post-6594","1":"post","2":"type-post","3":"status-publish","4":"format-standard","5":"has-post-thumbnail","7":"category-theme-features"},"_links":{"self":[{"href":"https:\/\/nordesteimprensa.com.br\/index.php\/wp-json\/wp\/v2\/posts\/6594","targetHints":{"allow":["GET"]}}],"collection":[{"href":"https:\/\/nordesteimprensa.com.br\/index.php\/wp-json\/wp\/v2\/posts"}],"about":[{"href":"https:\/\/nordesteimprensa.com.br\/index.php\/wp-json\/wp\/v2\/types\/post"}],"author":[{"embeddable":true,"href":"https:\/\/nordesteimprensa.com.br\/index.php\/wp-json\/wp\/v2\/users\/6"}],"replies":[{"embeddable":true,"href":"https:\/\/nordesteimprensa.com.br\/index.php\/wp-json\/wp\/v2\/comments?post=6594"}],"version-history":[{"count":1,"href":"https:\/\/nordesteimprensa.com.br\/index.php\/wp-json\/wp\/v2\/posts\/6594\/revisions"}],"predecessor-version":[{"id":6596,"href":"https:\/\/nordesteimprensa.com.br\/index.php\/wp-json\/wp\/v2\/posts\/6594\/revisions\/6596"}],"wp:featuredmedia":[{"embeddable":true,"href":"https:\/\/nordesteimprensa.com.br\/index.php\/wp-json\/wp\/v2\/media\/6595"}],"wp:attachment":[{"href":"https:\/\/nordesteimprensa.com.br\/index.php\/wp-json\/wp\/v2\/media?parent=6594"}],"wp:term":[{"taxonomy":"category","embeddable":true,"href":"https:\/\/nordesteimprensa.com.br\/index.php\/wp-json\/wp\/v2\/categories?post=6594"},{"taxonomy":"post_tag","embeddable":true,"href":"https:\/\/nordesteimprensa.com.br\/index.php\/wp-json\/wp\/v2\/tags?post=6594"}],"curies":[{"name":"wp","href":"https:\/\/api.w.org\/{rel}","templated":true}]}}