{"id":6606,"date":"2025-01-30T08:39:09","date_gmt":"2025-01-30T11:39:09","guid":{"rendered":"https:\/\/nordesteimprensa.com.br\/?p=6606"},"modified":"2025-01-30T08:39:10","modified_gmt":"2025-01-30T11:39:10","slug":"inscricoes-para-esportes-do-verao-sergipe-em-pirambu-se-estao-abertas","status":"publish","type":"post","link":"https:\/\/nordesteimprensa.com.br\/index.php\/2025\/01\/30\/inscricoes-para-esportes-do-verao-sergipe-em-pirambu-se-estao-abertas\/","title":{"rendered":"Inscri\u00e7\u00f5es para esportes do Ver\u00e3o Sergipe em Pirambu (SE) est\u00e3o abertas"},"content":{"rendered":"\n<p>As inscri\u00e7\u00f5es para as atividades esportivas da terceira etapa do Ver\u00e3o Sergipe j\u00e1 est\u00e3o abertas. O evento, que acontecer\u00e1 em Pirambu (SE), no leste de Sergipe, nos dias 8 e 9 de fevereiro, promete movimentar mais um fim de semana com muito esporte e lazer.<\/p>\n\n\n\n<p>A programa\u00e7\u00e3o esportiva ser\u00e1 intensa e diversificada. No s\u00e1bado, 8, das 8h \u00e0s 16h, ser\u00e3o realizadas competi\u00e7\u00f5es de Beach Soccer na categoria de base (12 a 15 anos) com o Projeto Social Pirambu Nova Gera\u00e7\u00e3o, al\u00e9m de atividades abertas ao p\u00fablico como skate mini ramp, mesabol e frescobol. O surf ocorrer\u00e1 em frente ao Restaurante Pirambeleza. Entre 9h e 11h30, ser\u00e1 realizado o banho assistido para pessoas com defici\u00eancia e mobilidade reduzida, em parceria com o Projeto Estrelas do Mar.<\/p>\n\n\n\n<p>No domingo, 9, acontece a tradicional corrida de 5 quil\u00f4metros, com concentra\u00e7\u00e3o na Beira Mar. Logo em seguida, haver\u00e1 aula de dan\u00e7a e mais atividades esportivas como surf, mesabol, frescobol, skate mini ramp e beach hand, mantendo a programa\u00e7\u00e3o do s\u00e1bado.<\/p>\n\n\n\n<p>&#8220;O Ver\u00e3o Sergipe tem sido uma grande celebra\u00e7\u00e3o do esporte e do lazer, promovendo a inclus\u00e3o e proporcionando momentos de divers\u00e3o e competi\u00e7\u00e3o para todas as idades. N\u00e3o deixem de participar e ter essa experi\u00eancia na pr\u00f3xima etapa, em Pirambu&#8221;, convida a secret\u00e1ria de Estado do Esporte e Lazer, Mariana Dantas<\/p>\n\n\n\n<p>Fonte: F5News<\/p>\n","protected":false},"excerpt":{"rendered":"<p>As inscri\u00e7\u00f5es para as atividades esportivas da terceira etapa do Ver\u00e3o Sergipe j\u00e1 est\u00e3o abertas. O evento, que acontecer\u00e1 em Pirambu (SE), no leste de Sergipe, nos dias 8 e 9 de fevereiro, promete movimentar mais um fim de semana com muito esporte e lazer. A programa\u00e7\u00e3o esportiva ser\u00e1 intensa e diversificada. No s\u00e1bado, 8, [&hellip;]<\/p>\n","protected":false},"author":6,"featured_media":6607,"comment_status":"open","ping_status":"open","sticky":false,"template":"","format":"standard","meta":{"footnotes":""},"categories":[10],"tags":[],"class_list":{"0":"post-6606","1":"post","2":"type-post","3":"status-publish","4":"format-standard","5":"has-post-thumbnail","7":"category-theme-features"},"_links":{"self":[{"href":"https:\/\/nordesteimprensa.com.br\/index.php\/wp-json\/wp\/v2\/posts\/6606","targetHints":{"allow":["GET"]}}],"collection":[{"href":"https:\/\/nordesteimprensa.com.br\/index.php\/wp-json\/wp\/v2\/posts"}],"about":[{"href":"https:\/\/nordesteimprensa.com.br\/index.php\/wp-json\/wp\/v2\/types\/post"}],"author":[{"embeddable":true,"href":"https:\/\/nordesteimprensa.com.br\/index.php\/wp-json\/wp\/v2\/users\/6"}],"replies":[{"embeddable":true,"href":"https:\/\/nordesteimprensa.com.br\/index.php\/wp-json\/wp\/v2\/comments?post=6606"}],"version-history":[{"count":1,"href":"https:\/\/nordesteimprensa.com.br\/index.php\/wp-json\/wp\/v2\/posts\/6606\/revisions"}],"predecessor-version":[{"id":6608,"href":"https:\/\/nordesteimprensa.com.br\/index.php\/wp-json\/wp\/v2\/posts\/6606\/revisions\/6608"}],"wp:featuredmedia":[{"embeddable":true,"href":"https:\/\/nordesteimprensa.com.br\/index.php\/wp-json\/wp\/v2\/media\/6607"}],"wp:attachment":[{"href":"https:\/\/nordesteimprensa.com.br\/index.php\/wp-json\/wp\/v2\/media?parent=6606"}],"wp:term":[{"taxonomy":"category","embeddable":true,"href":"https:\/\/nordesteimprensa.com.br\/index.php\/wp-json\/wp\/v2\/categories?post=6606"},{"taxonomy":"post_tag","embeddable":true,"href":"https:\/\/nordesteimprensa.com.br\/index.php\/wp-json\/wp\/v2\/tags?post=6606"}],"curies":[{"name":"wp","href":"https:\/\/api.w.org\/{rel}","templated":true}]}}