{"id":6609,"date":"2025-01-30T14:39:14","date_gmt":"2025-01-30T17:39:14","guid":{"rendered":"https:\/\/nordesteimprensa.com.br\/?p=6609"},"modified":"2025-01-30T14:39:15","modified_gmt":"2025-01-30T17:39:15","slug":"policia-apreende-adolescente-com-r-500-em-notas-falsas","status":"publish","type":"post","link":"https:\/\/nordesteimprensa.com.br\/index.php\/2025\/01\/30\/policia-apreende-adolescente-com-r-500-em-notas-falsas\/","title":{"rendered":"Pol\u00edcia apreende adolescente com R$ 500 em notas falsas"},"content":{"rendered":"\n<p>Policiais civis da Delegacia Especial de Prote\u00e7\u00e3o \u00e0 Crian\u00e7a e ao Adolescente (DEPCA) fizeram uma nova apreens\u00e3o de c\u00e9dulas falsas que v\u00eam sendo comercializadas pelas redes sociais e disseminadas em Sergipe. Um adolescente foi apreendido em flagrante por ato infracional. A a\u00e7\u00e3o policial, em parceria com a Pol\u00edcia Federal, ocorreu nessa quinta-feira, 30.<\/p>\n\n\n\n<p>De acordo com o delegado Valter Simas, a partir de uma a\u00e7\u00e3o controlada, foi identificada nova remessa de moedas falsas a Aracaju, provenientes de outro estado da Federa\u00e7\u00e3o, comercializadas pelas redes sociais e distribu\u00eddas pelos Correios.<\/p>\n\n\n\n<p>A opera\u00e7\u00e3o desta quinta-feira foi desencadeada no bairro Santos Dumont, na Zona Norte de Aracaju, onde R$ 500,00 reais em notas de R$ 100 falsas foram apreendidas junto com o adolescente que as encomendou pela internet.<\/p>\n\n\n\n<p>\u201cAs informa\u00e7\u00f5es permanecem em sigilo e ser\u00e3o compartilhadas com a Pol\u00edcia Federal, eis que foi identificada a origem da remessa, inclusive conta banc\u00e1ria, remetente, local e n\u00famero de contato das redes sociais \u2013 proveniente de estado diverso de Sergipe \u2013 pela equipe de investiga\u00e7\u00f5es da DEPCA\u201d, concluiu o delegado.<\/p>\n\n\n\n<p>Fonte: SSP\/SE<\/p>\n\n\n\n<p><\/p>\n","protected":false},"excerpt":{"rendered":"<p>Policiais civis da Delegacia Especial de Prote\u00e7\u00e3o \u00e0 Crian\u00e7a e ao Adolescente (DEPCA) fizeram uma nova apreens\u00e3o de c\u00e9dulas falsas que v\u00eam sendo comercializadas pelas redes sociais e disseminadas em Sergipe. Um adolescente foi apreendido em flagrante por ato infracional. A a\u00e7\u00e3o policial, em parceria com a Pol\u00edcia Federal, ocorreu nessa quinta-feira, 30. De acordo [&hellip;]<\/p>\n","protected":false},"author":6,"featured_media":6610,"comment_status":"open","ping_status":"open","sticky":false,"template":"","format":"standard","meta":{"footnotes":""},"categories":[10],"tags":[],"class_list":{"0":"post-6609","1":"post","2":"type-post","3":"status-publish","4":"format-standard","5":"has-post-thumbnail","7":"category-theme-features"},"_links":{"self":[{"href":"https:\/\/nordesteimprensa.com.br\/index.php\/wp-json\/wp\/v2\/posts\/6609","targetHints":{"allow":["GET"]}}],"collection":[{"href":"https:\/\/nordesteimprensa.com.br\/index.php\/wp-json\/wp\/v2\/posts"}],"about":[{"href":"https:\/\/nordesteimprensa.com.br\/index.php\/wp-json\/wp\/v2\/types\/post"}],"author":[{"embeddable":true,"href":"https:\/\/nordesteimprensa.com.br\/index.php\/wp-json\/wp\/v2\/users\/6"}],"replies":[{"embeddable":true,"href":"https:\/\/nordesteimprensa.com.br\/index.php\/wp-json\/wp\/v2\/comments?post=6609"}],"version-history":[{"count":1,"href":"https:\/\/nordesteimprensa.com.br\/index.php\/wp-json\/wp\/v2\/posts\/6609\/revisions"}],"predecessor-version":[{"id":6611,"href":"https:\/\/nordesteimprensa.com.br\/index.php\/wp-json\/wp\/v2\/posts\/6609\/revisions\/6611"}],"wp:featuredmedia":[{"embeddable":true,"href":"https:\/\/nordesteimprensa.com.br\/index.php\/wp-json\/wp\/v2\/media\/6610"}],"wp:attachment":[{"href":"https:\/\/nordesteimprensa.com.br\/index.php\/wp-json\/wp\/v2\/media?parent=6609"}],"wp:term":[{"taxonomy":"category","embeddable":true,"href":"https:\/\/nordesteimprensa.com.br\/index.php\/wp-json\/wp\/v2\/categories?post=6609"},{"taxonomy":"post_tag","embeddable":true,"href":"https:\/\/nordesteimprensa.com.br\/index.php\/wp-json\/wp\/v2\/tags?post=6609"}],"curies":[{"name":"wp","href":"https:\/\/api.w.org\/{rel}","templated":true}]}}