{"id":6619,"date":"2025-01-31T13:26:57","date_gmt":"2025-01-31T16:26:57","guid":{"rendered":"https:\/\/nordesteimprensa.com.br\/?p=6619"},"modified":"2025-01-31T13:26:57","modified_gmt":"2025-01-31T16:26:57","slug":"policia-conclui-investigacao-sobre-homicidio-praticado-em-lanchonete-de-itabaiana","status":"publish","type":"post","link":"https:\/\/nordesteimprensa.com.br\/index.php\/2025\/01\/31\/policia-conclui-investigacao-sobre-homicidio-praticado-em-lanchonete-de-itabaiana\/","title":{"rendered":"Pol\u00edcia conclui investiga\u00e7\u00e3o sobre homic\u00eddio praticado em lanchonete de Itabaiana"},"content":{"rendered":"\n<p>O Centro de Opera\u00e7\u00f5es Policiais Especiais (Cope) concluiu as investiga\u00e7\u00f5es sobre o homic\u00eddio qualificado ocorrido em 20 de julho de 2022, em uma lanchonete localizada no Centro de Itabaiana. Na ocasi\u00e3o, um homem de 43 anos foi morto a tiros. As informa\u00e7\u00f5es foram divulgadas nesta quinta-feira (30).<\/p>\n\n\n\n<p>Segundo o delegado Alison Lial, as investiga\u00e7\u00f5es identificaram que a v\u00edtima foi morta por engano, pois os investigados tinham a inten\u00e7\u00e3o de matar outra pessoa, em um contexto de vingan\u00e7a. A v\u00edtima trajava roupas semelhantes \u00e0s da pessoa que os investigados pretendiam matar.<\/p>\n\n\n\n<p>\u201cOs tr\u00eas investigados tinham a inten\u00e7\u00e3o de matar um outro homem, a quem atribu\u00edram a autoria de den\u00fancias feitas anteriormente \u00e0 pol\u00edcia, as quais supostamente motivaram uma opera\u00e7\u00e3o policial na manh\u00e3 do dia 18 de abril de 2022, tamb\u00e9m em Itabaiana. Essa opera\u00e7\u00e3o resultou na morte de um homem, investigado por crimes previstos no Estatuto do Desarmamento e na Lei de Drogas\u201d, detalhou o delegado Alison Lial.<\/p>\n\n\n\n<p>Durante o crime, a v\u00edtima, que era representante comercial, negociava com o propriet\u00e1rio do estabelecimento a venda de mercadorias. &#8220;Todos foram surpreendidos por um dos investigados, que entrou na lanchonete com uma arma de fogo escondida em um balde e foi o primeiro a efetuar os disparos. Outro homem, disfar\u00e7ado de mototaxista, seguiu logo atr\u00e1s e deu continuidade ao crime. A a\u00e7\u00e3o durou apenas alguns segundos e, ap\u00f3s o homic\u00eddio, os dois fugiram para a cidade de Alagoinhas, na Bahia. A v\u00edtima recebeu os disparos pelas costas, sem chance de defesa, e faleceu ainda no local&#8221;, relatou o delegado.<\/p>\n\n\n\n<p>Ainda segundo Alison Lial, o crime \u00e9 investigado no contexto de &#8220;erro acidental sobre a pessoa&#8221;, j\u00e1 que os investigados, embora tenham executado o crime corretamente, equivocaram-se quanto \u00e0 v\u00edtima.<\/p>\n\n\n\n<p>O homem que era o alvo dos criminosos era investigado pelo Cope como l\u00edder de uma organiza\u00e7\u00e3o criminosa especializada no com\u00e9rcio il\u00edcito de armas, muni\u00e7\u00f5es e acess\u00f3rios. \u201cEm raz\u00e3o disso, foi deflagrada, em 11 de maio de 2023, a primeira fase da opera\u00e7\u00e3o Underground. Durante o cumprimento do mandado de pris\u00e3o contra ele em Ibotirama (BA), houve resist\u00eancia armada por parte do investigado. Ele entrou em confronto, foi socorrido, mas n\u00e3o resistiu\u201d, relembrou o delegado.<\/p>\n\n\n\n<p>A partir das informa\u00e7\u00f5es colhidas durante as fases da opera\u00e7\u00e3o Underground, novos elementos foram identificados, o que permitiu a elucida\u00e7\u00e3o do homic\u00eddio ocorrido na lanchonete em Itabaiana.<\/p>\n\n\n\n<p>Um dos investigados possu\u00eda uma vasta ficha criminal e era foragido do sistema prisional sergipano. Ele morreu em 23 de novembro de 2022, ap\u00f3s entrar em confronto com o Cope, na cidade de Cama\u00e7ari, Regi\u00e3o Metropolitana de Salvador. O outro homem morreu no dia 15 de novembro de 2023, quando praticava um roubo em Nossa Senhora do Socorro.<\/p>\n\n\n\n<p>Fonte: A8se<\/p>\n","protected":false},"excerpt":{"rendered":"<p>O Centro de Opera\u00e7\u00f5es Policiais Especiais (Cope) concluiu as investiga\u00e7\u00f5es sobre o homic\u00eddio qualificado ocorrido em 20 de julho de 2022, em uma lanchonete localizada no Centro de Itabaiana. Na ocasi\u00e3o, um homem de 43 anos foi morto a tiros. As informa\u00e7\u00f5es foram divulgadas nesta quinta-feira (30). Segundo o delegado Alison Lial, as investiga\u00e7\u00f5es identificaram [&hellip;]<\/p>\n","protected":false},"author":6,"featured_media":6620,"comment_status":"open","ping_status":"open","sticky":false,"template":"","format":"standard","meta":{"footnotes":""},"categories":[10],"tags":[],"class_list":{"0":"post-6619","1":"post","2":"type-post","3":"status-publish","4":"format-standard","5":"has-post-thumbnail","7":"category-theme-features"},"_links":{"self":[{"href":"https:\/\/nordesteimprensa.com.br\/index.php\/wp-json\/wp\/v2\/posts\/6619","targetHints":{"allow":["GET"]}}],"collection":[{"href":"https:\/\/nordesteimprensa.com.br\/index.php\/wp-json\/wp\/v2\/posts"}],"about":[{"href":"https:\/\/nordesteimprensa.com.br\/index.php\/wp-json\/wp\/v2\/types\/post"}],"author":[{"embeddable":true,"href":"https:\/\/nordesteimprensa.com.br\/index.php\/wp-json\/wp\/v2\/users\/6"}],"replies":[{"embeddable":true,"href":"https:\/\/nordesteimprensa.com.br\/index.php\/wp-json\/wp\/v2\/comments?post=6619"}],"version-history":[{"count":1,"href":"https:\/\/nordesteimprensa.com.br\/index.php\/wp-json\/wp\/v2\/posts\/6619\/revisions"}],"predecessor-version":[{"id":6621,"href":"https:\/\/nordesteimprensa.com.br\/index.php\/wp-json\/wp\/v2\/posts\/6619\/revisions\/6621"}],"wp:featuredmedia":[{"embeddable":true,"href":"https:\/\/nordesteimprensa.com.br\/index.php\/wp-json\/wp\/v2\/media\/6620"}],"wp:attachment":[{"href":"https:\/\/nordesteimprensa.com.br\/index.php\/wp-json\/wp\/v2\/media?parent=6619"}],"wp:term":[{"taxonomy":"category","embeddable":true,"href":"https:\/\/nordesteimprensa.com.br\/index.php\/wp-json\/wp\/v2\/categories?post=6619"},{"taxonomy":"post_tag","embeddable":true,"href":"https:\/\/nordesteimprensa.com.br\/index.php\/wp-json\/wp\/v2\/tags?post=6619"}],"curies":[{"name":"wp","href":"https:\/\/api.w.org\/{rel}","templated":true}]}}