{"id":6625,"date":"2025-02-01T09:04:23","date_gmt":"2025-02-01T12:04:23","guid":{"rendered":"https:\/\/nordesteimprensa.com.br\/?p=6625"},"modified":"2025-02-01T09:04:23","modified_gmt":"2025-02-01T12:04:23","slug":"justica-federal-aumenta-a-pena-de-dois-ex-prfs-condenados-pela-morte-de-genivaldo-santos-em-se","status":"publish","type":"post","link":"https:\/\/nordesteimprensa.com.br\/index.php\/2025\/02\/01\/justica-federal-aumenta-a-pena-de-dois-ex-prfs-condenados-pela-morte-de-genivaldo-santos-em-se\/","title":{"rendered":"Justi\u00e7a Federal aumenta a pena de dois ex-prfs condenados pela morte de Genivaldo Santos em SE"},"content":{"rendered":"\n<p>A Justi\u00e7a Federal aumentou a pena dos ex-policiais rodovi\u00e1rios federais<strong>, Kleber Freitas&nbsp;<\/strong>e<strong>William de Barros<\/strong>&nbsp;pela morte de Genivaldo Santos, de 38 anos que foi&nbsp;<a class=\"\" href=\"https:\/\/g1.globo.com\/se\/sergipe\/noticia\/2022\/05\/25\/homem-morre-apos-abordagem-de-policiais-rodoviarios-federais-em-umbauba.ghtml\">trancado no porta-malas da viatura e ser submetido \u00e0 inala\u00e7\u00e3o de g\u00e1s lacrimog\u00eaneo<\/a>, em maio de 2022. A revis\u00e3o foi realizada ap\u00f3s um pedido do Minist\u00e9rio P\u00fablico Federal.&nbsp;<\/p>\n\n\n\n<p>Segundo a procuradora-chefe do MPF, Eunice Dantas, a solicita\u00e7\u00e3o atende a uma corre\u00e7\u00e3o matem\u00e1tica da pena.&nbsp;<\/p>\n\n\n\n<p><a class=\"\" href=\"https:\/\/g1.globo.com\/se\/sergipe\/noticia\/2024\/12\/07\/ex-prfs-sao-condenados-pela-morte-de-genivaldo-santos-em-sergipe.ghtml\">Eles haviam sido condenados, no dia 7 de dezembro de 2024<\/a>, a 23 anos, um m\u00eas e 9 dias de reclus\u00e3o, e com o ajuste passam a cumprir 23 anos, oito meses e 14 dias dias de reclus\u00e3o. Pelo crime tamb\u00e9m foi condenado o ex-prf Paulo Rodolpho, que recebeu a pena de 28 anos de reclus\u00e3o.<\/p>\n","protected":false},"excerpt":{"rendered":"<p>A Justi\u00e7a Federal aumentou a pena dos ex-policiais rodovi\u00e1rios federais, Kleber Freitas&nbsp;eWilliam de Barros&nbsp;pela morte de Genivaldo Santos, de 38 anos que foi&nbsp;trancado no porta-malas da viatura e ser submetido \u00e0 inala\u00e7\u00e3o de g\u00e1s lacrimog\u00eaneo, em maio de 2022. A revis\u00e3o foi realizada ap\u00f3s um pedido do Minist\u00e9rio P\u00fablico Federal.&nbsp; Segundo a procuradora-chefe do MPF, [&hellip;]<\/p>\n","protected":false},"author":7,"featured_media":6626,"comment_status":"open","ping_status":"open","sticky":false,"template":"","format":"standard","meta":{"footnotes":""},"categories":[10],"tags":[],"class_list":{"0":"post-6625","1":"post","2":"type-post","3":"status-publish","4":"format-standard","5":"has-post-thumbnail","7":"category-theme-features"},"_links":{"self":[{"href":"https:\/\/nordesteimprensa.com.br\/index.php\/wp-json\/wp\/v2\/posts\/6625","targetHints":{"allow":["GET"]}}],"collection":[{"href":"https:\/\/nordesteimprensa.com.br\/index.php\/wp-json\/wp\/v2\/posts"}],"about":[{"href":"https:\/\/nordesteimprensa.com.br\/index.php\/wp-json\/wp\/v2\/types\/post"}],"author":[{"embeddable":true,"href":"https:\/\/nordesteimprensa.com.br\/index.php\/wp-json\/wp\/v2\/users\/7"}],"replies":[{"embeddable":true,"href":"https:\/\/nordesteimprensa.com.br\/index.php\/wp-json\/wp\/v2\/comments?post=6625"}],"version-history":[{"count":1,"href":"https:\/\/nordesteimprensa.com.br\/index.php\/wp-json\/wp\/v2\/posts\/6625\/revisions"}],"predecessor-version":[{"id":6627,"href":"https:\/\/nordesteimprensa.com.br\/index.php\/wp-json\/wp\/v2\/posts\/6625\/revisions\/6627"}],"wp:featuredmedia":[{"embeddable":true,"href":"https:\/\/nordesteimprensa.com.br\/index.php\/wp-json\/wp\/v2\/media\/6626"}],"wp:attachment":[{"href":"https:\/\/nordesteimprensa.com.br\/index.php\/wp-json\/wp\/v2\/media?parent=6625"}],"wp:term":[{"taxonomy":"category","embeddable":true,"href":"https:\/\/nordesteimprensa.com.br\/index.php\/wp-json\/wp\/v2\/categories?post=6625"},{"taxonomy":"post_tag","embeddable":true,"href":"https:\/\/nordesteimprensa.com.br\/index.php\/wp-json\/wp\/v2\/tags?post=6625"}],"curies":[{"name":"wp","href":"https:\/\/api.w.org\/{rel}","templated":true}]}}