{"id":6631,"date":"2025-02-01T09:07:12","date_gmt":"2025-02-01T12:07:12","guid":{"rendered":"https:\/\/nordesteimprensa.com.br\/?p=6631"},"modified":"2025-02-01T09:07:12","modified_gmt":"2025-02-01T12:07:12","slug":"prefeitos-de-sergipe-tem-ate-10-dias-para-elaborar-relatorio-sobre-recursos-recebidos-apos-leilao-da-deso","status":"publish","type":"post","link":"https:\/\/nordesteimprensa.com.br\/index.php\/2025\/02\/01\/prefeitos-de-sergipe-tem-ate-10-dias-para-elaborar-relatorio-sobre-recursos-recebidos-apos-leilao-da-deso\/","title":{"rendered":"Prefeitos de Sergipe t\u00eam at\u00e9 10 dias para elaborar relat\u00f3rio sobre recursos recebidos ap\u00f3s leil\u00e3o da Deso"},"content":{"rendered":"\n<p>O Minist\u00e9rio P\u00fablico de Contas do Estado de Sergipe (MPC-SE) expediu um of\u00edcio, nesta quarta-feira (29), em conjunto com o Minist\u00e9rio P\u00fablico onde estabeleceu um prazo de 10 dias \u00fateis para que os prefeitos prestem esclarecimentos sobre a aplica\u00e7\u00e3o dos recursos provenientes da outorga da&nbsp;concess\u00e3o parcial dos servi\u00e7os de saneamento b\u00e1sico da Companhia de Saneamento de Sergipe (Deso).<\/p>\n\n\n\n<p>Segundo o procurador-geral do MPC-SE, Eduardo Santos Rolemberg C\u00f4rtes, autor do of\u00edcio, os gestores devem apresentar informa\u00e7\u00f5es sobre os valores recebidos, como os dados da conta banc\u00e1ria espec\u00edfica e extratos de movimenta\u00e7\u00e3o financeira.<\/p>\n\n\n\n<p>Al\u00e9m disso, tamb\u00e9m foram solicitadas informa\u00e7\u00f5es sobre o Plano de Aplica\u00e7\u00e3o dos recursos, e cronograma f\u00edsico-financeiro das a\u00e7\u00f5es previstas. Al\u00e9m da divulga\u00e7\u00e3o sobre as informa\u00e7\u00f5es em uma aba espec\u00edfica no Portal da Transpar\u00eancia, de f\u00e1cil acesso e compreens\u00e3o.<\/p>\n\n\n\n<p>O documento cita ainda que os gestores devem encaminhar as respostas por meio do protocolo eletr\u00f4nico no Portal do Tribunal de Contas do Estado de Sergipe (TCE).<\/p>\n\n\n\n<p>Fonte: G1 Sergipe<\/p>\n\n\n\n<p>Cr\u00e9ditos: Lagartense.com.br &#8211; \u00a9 Copyright 2008-2024 Sistema Lagartense de Comunica\u00e7\u00e3o e Participa\u00e7\u00f5es S.A.<\/p>\n","protected":false},"excerpt":{"rendered":"<p>O Minist\u00e9rio P\u00fablico de Contas do Estado de Sergipe (MPC-SE) expediu um of\u00edcio, nesta quarta-feira (29), em conjunto com o Minist\u00e9rio P\u00fablico onde estabeleceu um prazo de 10 dias \u00fateis para que os prefeitos prestem esclarecimentos sobre a aplica\u00e7\u00e3o dos recursos provenientes da outorga da&nbsp;concess\u00e3o parcial dos servi\u00e7os de saneamento b\u00e1sico da Companhia de Saneamento [&hellip;]<\/p>\n","protected":false},"author":7,"featured_media":6632,"comment_status":"open","ping_status":"open","sticky":false,"template":"","format":"standard","meta":{"footnotes":""},"categories":[10],"tags":[],"class_list":{"0":"post-6631","1":"post","2":"type-post","3":"status-publish","4":"format-standard","5":"has-post-thumbnail","7":"category-theme-features"},"_links":{"self":[{"href":"https:\/\/nordesteimprensa.com.br\/index.php\/wp-json\/wp\/v2\/posts\/6631","targetHints":{"allow":["GET"]}}],"collection":[{"href":"https:\/\/nordesteimprensa.com.br\/index.php\/wp-json\/wp\/v2\/posts"}],"about":[{"href":"https:\/\/nordesteimprensa.com.br\/index.php\/wp-json\/wp\/v2\/types\/post"}],"author":[{"embeddable":true,"href":"https:\/\/nordesteimprensa.com.br\/index.php\/wp-json\/wp\/v2\/users\/7"}],"replies":[{"embeddable":true,"href":"https:\/\/nordesteimprensa.com.br\/index.php\/wp-json\/wp\/v2\/comments?post=6631"}],"version-history":[{"count":1,"href":"https:\/\/nordesteimprensa.com.br\/index.php\/wp-json\/wp\/v2\/posts\/6631\/revisions"}],"predecessor-version":[{"id":6633,"href":"https:\/\/nordesteimprensa.com.br\/index.php\/wp-json\/wp\/v2\/posts\/6631\/revisions\/6633"}],"wp:featuredmedia":[{"embeddable":true,"href":"https:\/\/nordesteimprensa.com.br\/index.php\/wp-json\/wp\/v2\/media\/6632"}],"wp:attachment":[{"href":"https:\/\/nordesteimprensa.com.br\/index.php\/wp-json\/wp\/v2\/media?parent=6631"}],"wp:term":[{"taxonomy":"category","embeddable":true,"href":"https:\/\/nordesteimprensa.com.br\/index.php\/wp-json\/wp\/v2\/categories?post=6631"},{"taxonomy":"post_tag","embeddable":true,"href":"https:\/\/nordesteimprensa.com.br\/index.php\/wp-json\/wp\/v2\/tags?post=6631"}],"curies":[{"name":"wp","href":"https:\/\/api.w.org\/{rel}","templated":true}]}}