{"id":6634,"date":"2025-02-02T11:43:41","date_gmt":"2025-02-02T14:43:41","guid":{"rendered":"https:\/\/nordesteimprensa.com.br\/?p=6634"},"modified":"2025-02-02T11:43:41","modified_gmt":"2025-02-02T14:43:41","slug":"smtt-realizara-acoes-educativas-na-volta-as-aulas-da-rede-municipal","status":"publish","type":"post","link":"https:\/\/nordesteimprensa.com.br\/index.php\/2025\/02\/02\/smtt-realizara-acoes-educativas-na-volta-as-aulas-da-rede-municipal\/","title":{"rendered":"SMTT realizar\u00e1 a\u00e7\u00f5es educativas na volta \u00e0s aulas da rede municipal"},"content":{"rendered":"\n<p>Com o retorno das aulas da rede municipal de ensino, a partir desta segunda-feira, 3, a coordenadoria de Educa\u00e7\u00e3o para o Tr\u00e2nsito da Superintend\u00eancia Municipal de Transportes e Tr\u00e2nsito de Aracaju (CET\/SMTT), promover\u00e1 a\u00e7\u00f5es para alunos, pais e motoristas, garantindo, assim, um ambiente mais seguro nas imedia\u00e7\u00f5es das escolas abordando a import\u00e2ncia de atitudes respons\u00e1veis no tr\u00e2nsito, especialmente nas \u00e1reas de maior fluxo durante o per\u00edodo de retorno \u00e0s aulas.<\/p>\n\n\n\n<p>Entre os dias 03 e 07 de fevereiro, ser\u00e3o realizadas diversas atividades em escolas da cidade, com foco na educa\u00e7\u00e3o para o tr\u00e2nsito. As a\u00e7\u00f5es ter\u00e3o in\u00edcio nas primeiras horas da manh\u00e3, com a presen\u00e7a da equipe do CET para interagir com os alunos e a comunidade escolar, al\u00e9m de palestras.<\/p>\n\n\n\n<p>O superintendente da SMTT, Nelson Felipe, orienta pais e alunos a sa\u00edrem mais cedo de casa para evitar congestionamentos e reduzir os riscos de acidentes causados pelo excesso de velocidade, comuns em hor\u00e1rios de pico. Nelson refor\u00e7a a import\u00e2ncia de adotar comportamentos respons\u00e1veis e seguros no tr\u00e2nsito, principalmente neste per\u00edodo de grande movimenta\u00e7\u00e3o.<\/p>\n","protected":false},"excerpt":{"rendered":"<p>Com o retorno das aulas da rede municipal de ensino, a partir desta segunda-feira, 3, a coordenadoria de Educa\u00e7\u00e3o para o Tr\u00e2nsito da Superintend\u00eancia Municipal de Transportes e Tr\u00e2nsito de Aracaju (CET\/SMTT), promover\u00e1 a\u00e7\u00f5es para alunos, pais e motoristas, garantindo, assim, um ambiente mais seguro nas imedia\u00e7\u00f5es das escolas abordando a import\u00e2ncia de atitudes respons\u00e1veis [&hellip;]<\/p>\n","protected":false},"author":6,"featured_media":6635,"comment_status":"open","ping_status":"open","sticky":false,"template":"","format":"standard","meta":{"footnotes":""},"categories":[10],"tags":[],"class_list":{"0":"post-6634","1":"post","2":"type-post","3":"status-publish","4":"format-standard","5":"has-post-thumbnail","7":"category-theme-features"},"_links":{"self":[{"href":"https:\/\/nordesteimprensa.com.br\/index.php\/wp-json\/wp\/v2\/posts\/6634","targetHints":{"allow":["GET"]}}],"collection":[{"href":"https:\/\/nordesteimprensa.com.br\/index.php\/wp-json\/wp\/v2\/posts"}],"about":[{"href":"https:\/\/nordesteimprensa.com.br\/index.php\/wp-json\/wp\/v2\/types\/post"}],"author":[{"embeddable":true,"href":"https:\/\/nordesteimprensa.com.br\/index.php\/wp-json\/wp\/v2\/users\/6"}],"replies":[{"embeddable":true,"href":"https:\/\/nordesteimprensa.com.br\/index.php\/wp-json\/wp\/v2\/comments?post=6634"}],"version-history":[{"count":1,"href":"https:\/\/nordesteimprensa.com.br\/index.php\/wp-json\/wp\/v2\/posts\/6634\/revisions"}],"predecessor-version":[{"id":6636,"href":"https:\/\/nordesteimprensa.com.br\/index.php\/wp-json\/wp\/v2\/posts\/6634\/revisions\/6636"}],"wp:featuredmedia":[{"embeddable":true,"href":"https:\/\/nordesteimprensa.com.br\/index.php\/wp-json\/wp\/v2\/media\/6635"}],"wp:attachment":[{"href":"https:\/\/nordesteimprensa.com.br\/index.php\/wp-json\/wp\/v2\/media?parent=6634"}],"wp:term":[{"taxonomy":"category","embeddable":true,"href":"https:\/\/nordesteimprensa.com.br\/index.php\/wp-json\/wp\/v2\/categories?post=6634"},{"taxonomy":"post_tag","embeddable":true,"href":"https:\/\/nordesteimprensa.com.br\/index.php\/wp-json\/wp\/v2\/tags?post=6634"}],"curies":[{"name":"wp","href":"https:\/\/api.w.org\/{rel}","templated":true}]}}