{"id":6641,"date":"2025-02-03T10:04:17","date_gmt":"2025-02-03T13:04:17","guid":{"rendered":"https:\/\/nordesteimprensa.com.br\/?p=6641"},"modified":"2025-02-03T10:04:17","modified_gmt":"2025-02-03T13:04:17","slug":"policia-investiga-morte-de-homem-encontrado-em-apartamento-incendiado-com-ferimentos-por-golpes-de-faca","status":"publish","type":"post","link":"https:\/\/nordesteimprensa.com.br\/index.php\/2025\/02\/03\/policia-investiga-morte-de-homem-encontrado-em-apartamento-incendiado-com-ferimentos-por-golpes-de-faca\/","title":{"rendered":"Pol\u00edcia investiga morte de homem encontrado em apartamento incendiado com ferimentos por golpes de faca"},"content":{"rendered":"\n<p>A Pol\u00edcia Civil investiga a causa da morte de um homem de 29 anos, encontrado sem vida dentro de um apartamento incendiado por volta das 23h do \u00faltimo s\u00e1bado, 1,&nbsp; no bairro Luzia, em Aracaju. A v\u00edtima apresentava&nbsp; ferimentos por golpes de faca.<\/p>\n\n\n\n<p>Em entrevista ao Jornal da Fan desta segunda-feira, 3, o coordenador de comunica\u00e7\u00e3o da Secretaria de Seguran\u00e7a P\u00fablica (SSP), Lucas Ros\u00e1rio, deu detalhes sobre os pr\u00f3ximos passos sobre a investiga\u00e7\u00e3o. \u201d O DHPP tamb\u00e9m j\u00e1 iniciou, tanto no local de crime, mas tamb\u00e9m durante a semana vai fazer um trabalho junto com vizinhos, familiares, poss\u00edveis testemunhas, que v\u00e3o ser ouvidas&nbsp; para entender todo o contexto, de poss\u00edveis suspeitos ou do que pode ter acontecido. Depoimentos v\u00e3o ser fundamentais, junto com todo trabalho de per\u00edcia e a gente vai aguardar a conclus\u00e3o por parte do DHPP como tamb\u00e9m da Criminal\u00edstica e do IML para saber de fato o que provocou a morte deste jovem\u201d, ecxplicou.<\/p>\n\n\n\n<p>O caso exige a investiga\u00e7\u00e3o mais profunda, visto que segundo o Corpo de Bombeiros, que atendeu a ocorr\u00eancia, n\u00e3o poss\u00edvel determinar se o homem morreu pelos ferimentos de faca ou por ter inalado fuma\u00e7a. \u201cO inc\u00eandio aconteceu no apartamento localizado no primeiro andar e as chamas atingiram dois quartos e um corredor.<\/p>\n\n\n\n<p>Fonte: Fanf1<\/p>\n","protected":false},"excerpt":{"rendered":"<p>A Pol\u00edcia Civil investiga a causa da morte de um homem de 29 anos, encontrado sem vida dentro de um apartamento incendiado por volta das 23h do \u00faltimo s\u00e1bado, 1,&nbsp; no bairro Luzia, em Aracaju. A v\u00edtima apresentava&nbsp; ferimentos por golpes de faca. Em entrevista ao Jornal da Fan desta segunda-feira, 3, o coordenador de [&hellip;]<\/p>\n","protected":false},"author":6,"featured_media":6642,"comment_status":"open","ping_status":"open","sticky":false,"template":"","format":"standard","meta":{"footnotes":""},"categories":[10],"tags":[],"class_list":{"0":"post-6641","1":"post","2":"type-post","3":"status-publish","4":"format-standard","5":"has-post-thumbnail","7":"category-theme-features"},"_links":{"self":[{"href":"https:\/\/nordesteimprensa.com.br\/index.php\/wp-json\/wp\/v2\/posts\/6641","targetHints":{"allow":["GET"]}}],"collection":[{"href":"https:\/\/nordesteimprensa.com.br\/index.php\/wp-json\/wp\/v2\/posts"}],"about":[{"href":"https:\/\/nordesteimprensa.com.br\/index.php\/wp-json\/wp\/v2\/types\/post"}],"author":[{"embeddable":true,"href":"https:\/\/nordesteimprensa.com.br\/index.php\/wp-json\/wp\/v2\/users\/6"}],"replies":[{"embeddable":true,"href":"https:\/\/nordesteimprensa.com.br\/index.php\/wp-json\/wp\/v2\/comments?post=6641"}],"version-history":[{"count":1,"href":"https:\/\/nordesteimprensa.com.br\/index.php\/wp-json\/wp\/v2\/posts\/6641\/revisions"}],"predecessor-version":[{"id":6643,"href":"https:\/\/nordesteimprensa.com.br\/index.php\/wp-json\/wp\/v2\/posts\/6641\/revisions\/6643"}],"wp:featuredmedia":[{"embeddable":true,"href":"https:\/\/nordesteimprensa.com.br\/index.php\/wp-json\/wp\/v2\/media\/6642"}],"wp:attachment":[{"href":"https:\/\/nordesteimprensa.com.br\/index.php\/wp-json\/wp\/v2\/media?parent=6641"}],"wp:term":[{"taxonomy":"category","embeddable":true,"href":"https:\/\/nordesteimprensa.com.br\/index.php\/wp-json\/wp\/v2\/categories?post=6641"},{"taxonomy":"post_tag","embeddable":true,"href":"https:\/\/nordesteimprensa.com.br\/index.php\/wp-json\/wp\/v2\/tags?post=6641"}],"curies":[{"name":"wp","href":"https:\/\/api.w.org\/{rel}","templated":true}]}}