{"id":6648,"date":"2025-02-03T16:13:52","date_gmt":"2025-02-03T19:13:52","guid":{"rendered":"https:\/\/nordesteimprensa.com.br\/?p=6648"},"modified":"2025-02-03T16:13:53","modified_gmt":"2025-02-03T19:13:53","slug":"galo-do-augusto-franco-confira-a-programacao-completa-do-bloco","status":"publish","type":"post","link":"https:\/\/nordesteimprensa.com.br\/index.php\/2025\/02\/03\/galo-do-augusto-franco-confira-a-programacao-completa-do-bloco\/","title":{"rendered":"Galo do Augusto Franco: confira a programa\u00e7\u00e3o completa do bloco"},"content":{"rendered":"\n<p>As bandas Esta\u00e7\u00e3o da Luz e Banda Seway s\u00e3o algumas das atra\u00e7\u00f5es confirmadas para o Galo do Augusto Franco, um dos blocos de frevo mais tradicionais de Aracaju. O bloco \u00e9 gratuito e acontece no dia 22 de fevereiro.<\/p>\n\n\n\n<p>A programa\u00e7\u00e3o oficial do Galo do Augusto Franco foi divulgada nesta segunda-feira, 3, pela organiza\u00e7\u00e3o do evento. O bloco inicia a partir das 15h, com sa\u00edda na Pra\u00e7a da Avenida Dr. Jos\u00e9 Tomaz D\u2019\u00e1vila Nabuco.<\/p>\n\n\n\n<p><strong>Confira a programa\u00e7\u00e3o completa:<\/strong><\/p>\n\n\n\n<ul class=\"wp-block-list\">\n<li>Esta\u00e7\u00e3o da Luz<\/li>\n\n\n\n<li>Marley Rios<\/li>\n\n\n\n<li>Desfile do Galo com bonecos gigantes e bandas de frevo<\/li>\n\n\n\n<li>Banda Seway<\/li>\n\n\n\n<li>Robert Pankad\u00e3o<\/li>\n\n\n\n<li>Batukada<\/li>\n\n\n\n<li>Franquinho Vaqueiro<\/li>\n<\/ul>\n\n\n\n<p>Fonte: Infonet<\/p>\n","protected":false},"excerpt":{"rendered":"<p>As bandas Esta\u00e7\u00e3o da Luz e Banda Seway s\u00e3o algumas das atra\u00e7\u00f5es confirmadas para o Galo do Augusto Franco, um dos blocos de frevo mais tradicionais de Aracaju. O bloco \u00e9 gratuito e acontece no dia 22 de fevereiro. A programa\u00e7\u00e3o oficial do Galo do Augusto Franco foi divulgada nesta segunda-feira, 3, pela organiza\u00e7\u00e3o do [&hellip;]<\/p>\n","protected":false},"author":6,"featured_media":6649,"comment_status":"open","ping_status":"open","sticky":false,"template":"","format":"standard","meta":{"footnotes":""},"categories":[10],"tags":[],"class_list":{"0":"post-6648","1":"post","2":"type-post","3":"status-publish","4":"format-standard","5":"has-post-thumbnail","7":"category-theme-features"},"_links":{"self":[{"href":"https:\/\/nordesteimprensa.com.br\/index.php\/wp-json\/wp\/v2\/posts\/6648","targetHints":{"allow":["GET"]}}],"collection":[{"href":"https:\/\/nordesteimprensa.com.br\/index.php\/wp-json\/wp\/v2\/posts"}],"about":[{"href":"https:\/\/nordesteimprensa.com.br\/index.php\/wp-json\/wp\/v2\/types\/post"}],"author":[{"embeddable":true,"href":"https:\/\/nordesteimprensa.com.br\/index.php\/wp-json\/wp\/v2\/users\/6"}],"replies":[{"embeddable":true,"href":"https:\/\/nordesteimprensa.com.br\/index.php\/wp-json\/wp\/v2\/comments?post=6648"}],"version-history":[{"count":1,"href":"https:\/\/nordesteimprensa.com.br\/index.php\/wp-json\/wp\/v2\/posts\/6648\/revisions"}],"predecessor-version":[{"id":6650,"href":"https:\/\/nordesteimprensa.com.br\/index.php\/wp-json\/wp\/v2\/posts\/6648\/revisions\/6650"}],"wp:featuredmedia":[{"embeddable":true,"href":"https:\/\/nordesteimprensa.com.br\/index.php\/wp-json\/wp\/v2\/media\/6649"}],"wp:attachment":[{"href":"https:\/\/nordesteimprensa.com.br\/index.php\/wp-json\/wp\/v2\/media?parent=6648"}],"wp:term":[{"taxonomy":"category","embeddable":true,"href":"https:\/\/nordesteimprensa.com.br\/index.php\/wp-json\/wp\/v2\/categories?post=6648"},{"taxonomy":"post_tag","embeddable":true,"href":"https:\/\/nordesteimprensa.com.br\/index.php\/wp-json\/wp\/v2\/tags?post=6648"}],"curies":[{"name":"wp","href":"https:\/\/api.w.org\/{rel}","templated":true}]}}