{"id":6652,"date":"2025-02-03T16:16:37","date_gmt":"2025-02-03T19:16:37","guid":{"rendered":"https:\/\/nordesteimprensa.com.br\/?p=6652"},"modified":"2025-02-03T16:16:37","modified_gmt":"2025-02-03T19:16:37","slug":"confira-mais-de-100-oportunidades-de-emprego-em-sergipe","status":"publish","type":"post","link":"https:\/\/nordesteimprensa.com.br\/index.php\/2025\/02\/03\/confira-mais-de-100-oportunidades-de-emprego-em-sergipe\/","title":{"rendered":"Confira mais de 100 oportunidades de emprego em Sergipe"},"content":{"rendered":"\n<p>O N\u00facleo de Apoio do Trabalho (NAT), setor vinculado \u00e0 Secretaria de Estado do Trabalho, Emprego e Empreendedorismo (Seteem), divulgou, nesta segunda-feira (3), 103 ofertas de vagas em diversas \u00e1reas de atua\u00e7\u00e3o.&nbsp;<\/p>\n\n\n\n<p>Segundo o NAT, as vagas est\u00e3o distribu\u00eddas para os n\u00edveis fundamental, m\u00e9dio e superior, com ou sem experi\u00eancia comprovada, al\u00e9m de vagas afirmativas para mulheres.&nbsp;<\/p>\n\n\n\n<p>Os candidatos interessados devem se cadastrar ou atualizar o cadastro no NAT, localizado na rua Santa Luzia, 680, no bairro S\u00e3o Jos\u00e9, em Aracaju, de segunda a sexta-feira, das 7h \u00e0s 13h.&nbsp;<\/p>\n\n\n\n<p>\u00c9 necess\u00e1rio levar RG, CPF, carteira de trabalho f\u00edsica ou digital, comprovante de resid\u00eancia atualizado, al\u00e9m de curr\u00edculo e certificados que comprovem experi\u00eancias profissionais anteriores. Outras informa\u00e7\u00f5es pelo WhatsApp\u00a079 991 98-8865.\u00a0<\/p>\n\n\n\n<h2 class=\"wp-block-heading\">Vagas:<\/h2>\n\n\n\n<p><strong>1 vaga para vendedor externo<\/strong><br>Segmento:atacadista de frutas e afins<br>Requisitos: ensino m\u00e9dio completo, seis meses de experi\u00eancia na fun\u00e7\u00e3o, comprovada em CTPS, ve\u00edculo pr\u00f3prio e habilita\u00e7\u00e3o categoria A.&nbsp;<\/p>\n\n\n\n<p><strong>2 vagas para costureira<\/strong><br>Segmento: moda praia\/fitness<br>Requisitos: experi\u00eancia m\u00ednima de seis meses com costura de moda praia, fitness, roupas de tecido nas m\u00e1quinas galoneira, overlok e reta; conhecimento em modelagem e corte. Experi\u00eancia na fun\u00e7\u00e3o comprovada em CTPS.\u00a0<br><\/p>\n\n\n\n<p>mento: supermercado<br>Requisitos: experi\u00eancia na fun\u00e7\u00e3o comprovada em CTPS, preferencialmente morar no bairro Soledade e adjac\u00eancias.&nbsp;<\/p>\n\n\n\n<p><strong>2 vagas para confeiteiro<br><\/strong>Segmento: supermercado<br>Requisitos: experi\u00eancia na fun\u00e7\u00e3o comprovada em CTPS e preferencialmente morar no bairro Soledade e adjac\u00eancias.&nbsp;<\/p>\n\n\n\n<p><strong>4 vagas para a\u00e7ougueiro<br><\/strong>Segmento: supermercado<br>Requisitos: ensino fundamental completo, experi\u00eancia na fun\u00e7\u00e3o e preferencialmente morar no bairro Soledade e adjac\u00eancias.&nbsp;<\/p>\n\n\n\n<p><strong>30 vagas para operador de caixa<br><\/strong>Segmento: supermercado<br>Requisitos: ensino m\u00e9dio completo e preferencialmente morar no bairro Soledade e adjac\u00eancias.&nbsp;<\/p>\n\n\n\n<p><strong>30 vagas para repositor<br><\/strong>Segmento: supermercado<br>Requisitos: ensino m\u00e9dio completo e preferencialmente morar no bairro Soledade e adjac\u00eancias.&nbsp;<\/p>\n\n\n\n<p><strong>4 vagas para auxiliar de padaria<\/strong><br>Segmento: supermercado<br>Requisitos: preferencialmente morar no bairro Soledade e adjac\u00eancias.&nbsp;<\/p>\n\n\n\n<p><strong>2 vagas para forneiro<br><\/strong>Segmento: supermercado<br>Requisitos: experi\u00eancia na fun\u00e7\u00e3o e preferencialmente morar no bairro Soledade e adjac\u00eancias.<\/p>\n\n\n\n<p><strong>16 vagas para balconista de frios e a\u00e7ougue<br><\/strong>Segmento: supermercado<br>Requisitos: ensino m\u00e9dio completo e preferencialmente morar no bairro Soledade e adjac\u00eancias.&nbsp;<\/p>\n\n\n\n<p><strong>1 vaga para auxiliar de pessoal<br><\/strong>Segmento: constru\u00e7\u00e3o civil<br>Requisitos: ensino m\u00e9dio completo, experi\u00eancia de seis meses comprovada em CTPS, conhecimento no sistema Datasul ou similar.&nbsp;<\/p>\n\n\n\n<p><strong>1 vaga para churrasqueiro<br><\/strong>Segmento: restaurante<br>Requisitos: experi\u00eancia na fun\u00e7\u00e3o.&nbsp;<\/p>\n\n\n\n<p><strong>2 vagas para auxiliar de cozinha<br><\/strong>Segmento: restaurante<br>Requisitos: experi\u00eancia na fun\u00e7\u00e3o.&nbsp;<\/p>\n\n\n\n<p><strong>2 vagas para gar\u00e7om<br><\/strong>Segmento: restaurante<br>Requisitos: experi\u00eancia na fun\u00e7\u00e3o.&nbsp;<\/p>\n\n\n\n<h2 class=\"wp-block-heading\">Vaga para est\u00e1gio&nbsp;<\/h2>\n\n\n\n<p><strong>1 vaga para estudante<br><\/strong>Segmento: constru\u00e7\u00e3o civil<br>Requisitos: superior cursando o 4\u00ba per\u00edodo em Arquitetura. Realizar desenhos t\u00e9cnicos e detalhamentos utilizando softwares como AutoCAD, Revit, SketchUp ou similares.&nbsp;<\/p>\n\n\n\n<h2 class=\"wp-block-heading\">Vagas afirmativas para mulheres&nbsp;<\/h2>\n\n\n\n<p><strong>1 vaga para auxiliar administrativo<\/strong><br>Segmento: imobili\u00e1ria<br>Requisitos: ensino m\u00e9dio completo e experi\u00eancia comprovada em CTPS.<\/p>\n\n\n\n<p>Fonte: G1<\/p>\n","protected":false},"excerpt":{"rendered":"<p>O N\u00facleo de Apoio do Trabalho (NAT), setor vinculado \u00e0 Secretaria de Estado do Trabalho, Emprego e Empreendedorismo (Seteem), divulgou, nesta segunda-feira (3), 103 ofertas de vagas em diversas \u00e1reas de atua\u00e7\u00e3o.&nbsp; Segundo o NAT, as vagas est\u00e3o distribu\u00eddas para os n\u00edveis fundamental, m\u00e9dio e superior, com ou sem experi\u00eancia comprovada, al\u00e9m de vagas afirmativas [&hellip;]<\/p>\n","protected":false},"author":6,"featured_media":6653,"comment_status":"open","ping_status":"open","sticky":false,"template":"","format":"standard","meta":{"footnotes":""},"categories":[10],"tags":[],"class_list":{"0":"post-6652","1":"post","2":"type-post","3":"status-publish","4":"format-standard","5":"has-post-thumbnail","7":"category-theme-features"},"_links":{"self":[{"href":"https:\/\/nordesteimprensa.com.br\/index.php\/wp-json\/wp\/v2\/posts\/6652","targetHints":{"allow":["GET"]}}],"collection":[{"href":"https:\/\/nordesteimprensa.com.br\/index.php\/wp-json\/wp\/v2\/posts"}],"about":[{"href":"https:\/\/nordesteimprensa.com.br\/index.php\/wp-json\/wp\/v2\/types\/post"}],"author":[{"embeddable":true,"href":"https:\/\/nordesteimprensa.com.br\/index.php\/wp-json\/wp\/v2\/users\/6"}],"replies":[{"embeddable":true,"href":"https:\/\/nordesteimprensa.com.br\/index.php\/wp-json\/wp\/v2\/comments?post=6652"}],"version-history":[{"count":1,"href":"https:\/\/nordesteimprensa.com.br\/index.php\/wp-json\/wp\/v2\/posts\/6652\/revisions"}],"predecessor-version":[{"id":6654,"href":"https:\/\/nordesteimprensa.com.br\/index.php\/wp-json\/wp\/v2\/posts\/6652\/revisions\/6654"}],"wp:featuredmedia":[{"embeddable":true,"href":"https:\/\/nordesteimprensa.com.br\/index.php\/wp-json\/wp\/v2\/media\/6653"}],"wp:attachment":[{"href":"https:\/\/nordesteimprensa.com.br\/index.php\/wp-json\/wp\/v2\/media?parent=6652"}],"wp:term":[{"taxonomy":"category","embeddable":true,"href":"https:\/\/nordesteimprensa.com.br\/index.php\/wp-json\/wp\/v2\/categories?post=6652"},{"taxonomy":"post_tag","embeddable":true,"href":"https:\/\/nordesteimprensa.com.br\/index.php\/wp-json\/wp\/v2\/tags?post=6652"}],"curies":[{"name":"wp","href":"https:\/\/api.w.org\/{rel}","templated":true}]}}