{"id":6661,"date":"2025-02-05T09:15:28","date_gmt":"2025-02-05T12:15:28","guid":{"rendered":"https:\/\/nordesteimprensa.com.br\/?p=6661"},"modified":"2025-02-05T09:15:28","modified_gmt":"2025-02-05T12:15:28","slug":"adolescente-esta-desaparecido-no-no-vaza-barris-bombeiros-fazem-buscas","status":"publish","type":"post","link":"https:\/\/nordesteimprensa.com.br\/index.php\/2025\/02\/05\/adolescente-esta-desaparecido-no-no-vaza-barris-bombeiros-fazem-buscas\/","title":{"rendered":"Adolescente est\u00e1 desaparecido no no Vaza-Barris; Bombeiros fazem buscas"},"content":{"rendered":"\n<p>O Corpo de Bombeiros de Sergipe faz as buscas por um adolescente, de 15 anos,&nbsp; que se afogou durante banho no espa\u00e7o conhecido como Prainha da Ribanceira, \u00e0s margens do Rio Vaza-Barris, no bairro Areia Branca, em Aracaju.<\/p>\n\n\n\n<p>As informa\u00e7\u00f5es iniciais apontam que o jovem desaparecido entrou no rio junto com&nbsp; amigos na tarde desta ter\u00e7a-feira, 4, quando acabou se afogando. O Corpo de bombeiros foi acionado e iniciou as buscas ainda durante a tarde, mas as buscas foram suspensas pela falta de visibilidade.<\/p>\n\n\n\n<p>Na manh\u00e3 desta quarta, 5,&nbsp; as buscas foram retomadas e os agentes seguem na procura do adolescente.<\/p>\n\n\n\n<p>Fonte: Fanf1<\/p>\n","protected":false},"excerpt":{"rendered":"<p>O Corpo de Bombeiros de Sergipe faz as buscas por um adolescente, de 15 anos,&nbsp; que se afogou durante banho no espa\u00e7o conhecido como Prainha da Ribanceira, \u00e0s margens do Rio Vaza-Barris, no bairro Areia Branca, em Aracaju. As informa\u00e7\u00f5es iniciais apontam que o jovem desaparecido entrou no rio junto com&nbsp; amigos na tarde desta [&hellip;]<\/p>\n","protected":false},"author":6,"featured_media":6662,"comment_status":"open","ping_status":"open","sticky":false,"template":"","format":"standard","meta":{"footnotes":""},"categories":[10],"tags":[],"class_list":{"0":"post-6661","1":"post","2":"type-post","3":"status-publish","4":"format-standard","5":"has-post-thumbnail","7":"category-theme-features"},"_links":{"self":[{"href":"https:\/\/nordesteimprensa.com.br\/index.php\/wp-json\/wp\/v2\/posts\/6661","targetHints":{"allow":["GET"]}}],"collection":[{"href":"https:\/\/nordesteimprensa.com.br\/index.php\/wp-json\/wp\/v2\/posts"}],"about":[{"href":"https:\/\/nordesteimprensa.com.br\/index.php\/wp-json\/wp\/v2\/types\/post"}],"author":[{"embeddable":true,"href":"https:\/\/nordesteimprensa.com.br\/index.php\/wp-json\/wp\/v2\/users\/6"}],"replies":[{"embeddable":true,"href":"https:\/\/nordesteimprensa.com.br\/index.php\/wp-json\/wp\/v2\/comments?post=6661"}],"version-history":[{"count":1,"href":"https:\/\/nordesteimprensa.com.br\/index.php\/wp-json\/wp\/v2\/posts\/6661\/revisions"}],"predecessor-version":[{"id":6663,"href":"https:\/\/nordesteimprensa.com.br\/index.php\/wp-json\/wp\/v2\/posts\/6661\/revisions\/6663"}],"wp:featuredmedia":[{"embeddable":true,"href":"https:\/\/nordesteimprensa.com.br\/index.php\/wp-json\/wp\/v2\/media\/6662"}],"wp:attachment":[{"href":"https:\/\/nordesteimprensa.com.br\/index.php\/wp-json\/wp\/v2\/media?parent=6661"}],"wp:term":[{"taxonomy":"category","embeddable":true,"href":"https:\/\/nordesteimprensa.com.br\/index.php\/wp-json\/wp\/v2\/categories?post=6661"},{"taxonomy":"post_tag","embeddable":true,"href":"https:\/\/nordesteimprensa.com.br\/index.php\/wp-json\/wp\/v2\/tags?post=6661"}],"curies":[{"name":"wp","href":"https:\/\/api.w.org\/{rel}","templated":true}]}}