{"id":6755,"date":"2025-02-17T10:59:53","date_gmt":"2025-02-17T13:59:53","guid":{"rendered":"https:\/\/nordesteimprensa.com.br\/?p=6755"},"modified":"2025-02-17T10:59:53","modified_gmt":"2025-02-17T13:59:53","slug":"mulher-e-assassinada-em-estancia","status":"publish","type":"post","link":"https:\/\/nordesteimprensa.com.br\/index.php\/2025\/02\/17\/mulher-e-assassinada-em-estancia\/","title":{"rendered":"Mulher \u00e9 assassinada em Est\u00e2ncia"},"content":{"rendered":"\n<p>Uma mulher foi assassinada no Conjunto Santo Ant\u00f4nio, em Est\u00e2ncia, no in\u00edcio da manh\u00e3 desta segunda-feira (17).&nbsp;<\/p>\n\n\n\n<p>De acordo com a PM, quando os militares chegaram ao local a v\u00edtima j\u00e1 estava sem v\u00edtima. A v\u00edtima recebeu golpes ( provavelmente de faca) na regi\u00e3o da boca, bra\u00e7o e t\u00f3rax&nbsp;<\/p>\n\n\n\n<p>O Servi\u00e7o de Atendimento M\u00f3vel de Urg\u00eancia (Samu) constatou a morte. O local do crime foi isolado e a Pol\u00edcia Cient\u00edfica foi acionada. O Instituto M\u00e9dico Legal vai fornecer o laudo da morte.<\/p>\n\n\n\n<p>Fonte: G1<\/p>\n","protected":false},"excerpt":{"rendered":"<p>Uma mulher foi assassinada no Conjunto Santo Ant\u00f4nio, em Est\u00e2ncia, no in\u00edcio da manh\u00e3 desta segunda-feira (17).&nbsp; De acordo com a PM, quando os militares chegaram ao local a v\u00edtima j\u00e1 estava sem v\u00edtima. A v\u00edtima recebeu golpes ( provavelmente de faca) na regi\u00e3o da boca, bra\u00e7o e t\u00f3rax&nbsp; O Servi\u00e7o de Atendimento M\u00f3vel de [&hellip;]<\/p>\n","protected":false},"author":6,"featured_media":6756,"comment_status":"open","ping_status":"open","sticky":false,"template":"","format":"standard","meta":{"footnotes":""},"categories":[10],"tags":[],"class_list":{"0":"post-6755","1":"post","2":"type-post","3":"status-publish","4":"format-standard","5":"has-post-thumbnail","7":"category-theme-features"},"_links":{"self":[{"href":"https:\/\/nordesteimprensa.com.br\/index.php\/wp-json\/wp\/v2\/posts\/6755","targetHints":{"allow":["GET"]}}],"collection":[{"href":"https:\/\/nordesteimprensa.com.br\/index.php\/wp-json\/wp\/v2\/posts"}],"about":[{"href":"https:\/\/nordesteimprensa.com.br\/index.php\/wp-json\/wp\/v2\/types\/post"}],"author":[{"embeddable":true,"href":"https:\/\/nordesteimprensa.com.br\/index.php\/wp-json\/wp\/v2\/users\/6"}],"replies":[{"embeddable":true,"href":"https:\/\/nordesteimprensa.com.br\/index.php\/wp-json\/wp\/v2\/comments?post=6755"}],"version-history":[{"count":1,"href":"https:\/\/nordesteimprensa.com.br\/index.php\/wp-json\/wp\/v2\/posts\/6755\/revisions"}],"predecessor-version":[{"id":6757,"href":"https:\/\/nordesteimprensa.com.br\/index.php\/wp-json\/wp\/v2\/posts\/6755\/revisions\/6757"}],"wp:featuredmedia":[{"embeddable":true,"href":"https:\/\/nordesteimprensa.com.br\/index.php\/wp-json\/wp\/v2\/media\/6756"}],"wp:attachment":[{"href":"https:\/\/nordesteimprensa.com.br\/index.php\/wp-json\/wp\/v2\/media?parent=6755"}],"wp:term":[{"taxonomy":"category","embeddable":true,"href":"https:\/\/nordesteimprensa.com.br\/index.php\/wp-json\/wp\/v2\/categories?post=6755"},{"taxonomy":"post_tag","embeddable":true,"href":"https:\/\/nordesteimprensa.com.br\/index.php\/wp-json\/wp\/v2\/tags?post=6755"}],"curies":[{"name":"wp","href":"https:\/\/api.w.org\/{rel}","templated":true}]}}