{"id":6758,"date":"2025-02-18T10:30:03","date_gmt":"2025-02-18T13:30:03","guid":{"rendered":"https:\/\/nordesteimprensa.com.br\/?p=6758"},"modified":"2025-02-18T10:31:30","modified_gmt":"2025-02-18T13:31:30","slug":"a-secretaria-municipal-de-transporte-e-transito-de-aracaju-smtt-anunciou-nesta-segunda-feira-17-que-os-condutores-terao-um-periodo-de-30-dias-para-se-ajustarem-as-novas-regras-do-corredor-exclusiv","status":"publish","type":"post","link":"https:\/\/nordesteimprensa.com.br\/index.php\/2025\/02\/18\/a-secretaria-municipal-de-transporte-e-transito-de-aracaju-smtt-anunciou-nesta-segunda-feira-17-que-os-condutores-terao-um-periodo-de-30-dias-para-se-ajustarem-as-novas-regras-do-corredor-exclusiv\/","title":{"rendered":"Condutores ter\u00e3o 30 dias para se adaptar \u00e0s mudan\u00e7as na Hermes Fontes, em Aracaju"},"content":{"rendered":"\n<p>A Secretaria Municipal de Transporte e Tr\u00e2nsito de Aracaju (SMTT) anunciou nesta segunda-feira, 17, que os condutores ter\u00e3o um per\u00edodo de 30 dias para se ajustarem \u00e0s novas regras do corredor exclusivo de \u00f4nibus na Avenida Hermes Fontes. As mudan\u00e7as, implementadas pela Prefeitura de Aracaju, j\u00e1 est\u00e3o em vigor.<br><\/p>\n\n\n\n<p>Durante esse per\u00edodo de adapta\u00e7\u00e3o, n\u00e3o haver\u00e1 aplica\u00e7\u00e3o de multas ou penalidades. No entanto, ap\u00f3s esse prazo, motoristas que utilizarem irregularmente o corredor estar\u00e3o sujeitos a uma infra\u00e7\u00e3o grav\u00edssima, resultando em multa de R$ 293,47 e acr\u00e9scimo de 7 pontos na Carteira Nacional de Habilita\u00e7\u00e3o (CNH).<\/p>\n\n\n\n<p><strong>Altera\u00e7\u00f5es no funcionamento<\/strong><\/p>\n\n\n\n<p>As novas diretrizes foram oficializadas pela Portaria n\u00ba 115\/2025, publicada no Di\u00e1rio Oficial do Munic\u00edpio em 11 de fevereiro. A principal mudan\u00e7a consiste na opera\u00e7\u00e3o das faixas de transporte p\u00fablico apenas nos hor\u00e1rios de pico.<\/p>\n\n\n\n<p>De acordo com a SMTT, o corredor ser\u00e1 de uso exclusivo para \u00f4nibus, t\u00e1xis identificados, transporte escolar e ve\u00edculos oficiais das 6h \u00e0s 9h e das 16h \u00e0s 19h, de segunda a sexta-feira. Nos demais hor\u00e1rios, a faixa funcionar\u00e1 como preferencial, permitindo a circula\u00e7\u00e3o de outros ve\u00edculos.<\/p>\n\n\n\n<p><strong>Corredor Hermes Fontes<\/strong><br>Avenida Jos\u00e9 Carlos Silva \u2013 faixa exclusiva de segunda a sexta-feira, das 6h \u00e0s 9h, das 16h \u00e0s 19h, entre a Rua Eduardo Dantas do Esp\u00edrito Santo e Avenida Presidente Tancredo Neves.<br>Avenida Ad\u00e9lia Franco \u2013 faixa exclusiva de segunda a sexta-feira, das 6h \u00e0s 9h, das 16h \u00e0s 19h, entre as avenidas Presidente Tancredo Neves e Deputado S\u00edlvio Teixeira.<br>Avenida Hermes Fontes \u2013 faixa exclusiva, de segunda a sexta-feira, das 6h \u00e0s 9h, das 16h \u00e0s 19h, entre a Avenida Deputado S\u00edlvio Teixeira e Rua Riachuelo.<\/p>\n\n\n\n<p><strong>Corredor Centro Jardins<\/strong><br>Avenida Vereador Manoel Doria \u2013 faixa exclusiva segunda a sexta, das 6h \u00e0s 9h, das 16h \u00e0s 19h, entre a Rua Presbitero Adel Alves Oliveira e a Ponte Gilberto Vila Nova de Carvalho.<br>Avenida Ministro Geraldo Barreto Sobral \u2013 faixa exclusiva, de segunda a sexta-feira, das 6h \u00e0s 9h, das 16h \u00e0s 19h, entre o n\u00famero 2277 e a Avenida Deputado S\u00edlvio Teixeira.<br>Rua Cedro \u2013 faixa exclusiva, de segunda a sexta-feira, das 6h \u00e0s 9h, das 16h \u00e0s 19h, entre as Avenidas An\u00edsio Azevedo e Augusto Maynard.<br>Rua Itabaiana \u2013 faixa exclusiva, de segunda a sexta-feira, das 6h \u00e0s 9h, das 16h \u00e0s 19h, entre as Avenidas Augusto Maynard e Bar\u00e3o de Maruim.<br>Rua Capela \u2013 faixa exclusiva, de segunda a sexta-feira das 6h \u00e0s 9h, das 16h \u00e0s 19h, entre a Rua Divina Pastora e Avenida Bar\u00e3o de Maruim.<\/p>\n\n\n\n<p>Fonte: Fanf1<\/p>\n","protected":false},"excerpt":{"rendered":"<p>A Secretaria Municipal de Transporte e Tr\u00e2nsito de Aracaju (SMTT) anunciou nesta segunda-feira, 17, que os condutores ter\u00e3o um per\u00edodo de 30 dias para se ajustarem \u00e0s novas regras do corredor exclusivo de \u00f4nibus na Avenida Hermes Fontes. As mudan\u00e7as, implementadas pela Prefeitura de Aracaju, j\u00e1 est\u00e3o em vigor. Durante esse per\u00edodo de adapta\u00e7\u00e3o, n\u00e3o [&hellip;]<\/p>\n","protected":false},"author":6,"featured_media":6759,"comment_status":"open","ping_status":"open","sticky":false,"template":"","format":"standard","meta":{"footnotes":""},"categories":[10],"tags":[],"class_list":{"0":"post-6758","1":"post","2":"type-post","3":"status-publish","4":"format-standard","5":"has-post-thumbnail","7":"category-theme-features"},"_links":{"self":[{"href":"https:\/\/nordesteimprensa.com.br\/index.php\/wp-json\/wp\/v2\/posts\/6758","targetHints":{"allow":["GET"]}}],"collection":[{"href":"https:\/\/nordesteimprensa.com.br\/index.php\/wp-json\/wp\/v2\/posts"}],"about":[{"href":"https:\/\/nordesteimprensa.com.br\/index.php\/wp-json\/wp\/v2\/types\/post"}],"author":[{"embeddable":true,"href":"https:\/\/nordesteimprensa.com.br\/index.php\/wp-json\/wp\/v2\/users\/6"}],"replies":[{"embeddable":true,"href":"https:\/\/nordesteimprensa.com.br\/index.php\/wp-json\/wp\/v2\/comments?post=6758"}],"version-history":[{"count":2,"href":"https:\/\/nordesteimprensa.com.br\/index.php\/wp-json\/wp\/v2\/posts\/6758\/revisions"}],"predecessor-version":[{"id":6763,"href":"https:\/\/nordesteimprensa.com.br\/index.php\/wp-json\/wp\/v2\/posts\/6758\/revisions\/6763"}],"wp:featuredmedia":[{"embeddable":true,"href":"https:\/\/nordesteimprensa.com.br\/index.php\/wp-json\/wp\/v2\/media\/6759"}],"wp:attachment":[{"href":"https:\/\/nordesteimprensa.com.br\/index.php\/wp-json\/wp\/v2\/media?parent=6758"}],"wp:term":[{"taxonomy":"category","embeddable":true,"href":"https:\/\/nordesteimprensa.com.br\/index.php\/wp-json\/wp\/v2\/categories?post=6758"},{"taxonomy":"post_tag","embeddable":true,"href":"https:\/\/nordesteimprensa.com.br\/index.php\/wp-json\/wp\/v2\/tags?post=6758"}],"curies":[{"name":"wp","href":"https:\/\/api.w.org\/{rel}","templated":true}]}}