{"id":6782,"date":"2025-02-19T11:46:06","date_gmt":"2025-02-19T14:46:06","guid":{"rendered":"https:\/\/nordesteimprensa.com.br\/?p=6782"},"modified":"2025-02-19T11:46:06","modified_gmt":"2025-02-19T14:46:06","slug":"condenada-por-trafico-de-drogas-e-presa-em-estancia","status":"publish","type":"post","link":"https:\/\/nordesteimprensa.com.br\/index.php\/2025\/02\/19\/condenada-por-trafico-de-drogas-e-presa-em-estancia\/","title":{"rendered":"Condenada por tr\u00e1fico de drogas \u00e9 presa em Est\u00e2ncia"},"content":{"rendered":"\n<p>Uma mulher condenada por tr\u00e1fico de drogas em\u00a0Aracaju\u00a0foi presa em\u00a0Est\u00e2ncia\u00a0nessa ter\u00e7a-feira (18). Um homem tamb\u00e9m foi preso em flagrante por posse ilegal de arma de fogo.\u00a0<\/p>\n\n\n\n<p>De acordo com a Pol\u00edcia Civil, ela foi presa em 2021 com 154,06 kg de maconha, 8,17 kg de crack e 2,57 kg de coca\u00edna.&nbsp;<\/p>\n\n\n\n<p>Ao chegar no endere\u00e7o da mulher, a equipe da Delegacia Regional de Est\u00e2ncia a encontrou acompanhada de um homem, que tentou fugir ao perceber a chegada da pol\u00edcia. Ele foi detido e confessou que tinha uma arma de fogo caseira escondida no im\u00f3vel. Os policiais foram at\u00e9 o local indicado pelo suspeito e realizaram a apreens\u00e3o da arma.&nbsp;<\/p>\n\n\n\n<p>Os presos foram levados \u00e0 delegacia. O homem foi autuado em flagrante e a pris\u00e3o da mulher foi comunicada \u00e0 Justi\u00e7a.<\/p>\n\n\n\n<p>Fonte: G1<\/p>\n","protected":false},"excerpt":{"rendered":"<p>Uma mulher condenada por tr\u00e1fico de drogas em\u00a0Aracaju\u00a0foi presa em\u00a0Est\u00e2ncia\u00a0nessa ter\u00e7a-feira (18). Um homem tamb\u00e9m foi preso em flagrante por posse ilegal de arma de fogo.\u00a0 De acordo com a Pol\u00edcia Civil, ela foi presa em 2021 com 154,06 kg de maconha, 8,17 kg de crack e 2,57 kg de coca\u00edna.&nbsp; Ao chegar no endere\u00e7o [&hellip;]<\/p>\n","protected":false},"author":6,"featured_media":6783,"comment_status":"open","ping_status":"open","sticky":false,"template":"","format":"standard","meta":{"footnotes":""},"categories":[10],"tags":[],"class_list":{"0":"post-6782","1":"post","2":"type-post","3":"status-publish","4":"format-standard","5":"has-post-thumbnail","7":"category-theme-features"},"_links":{"self":[{"href":"https:\/\/nordesteimprensa.com.br\/index.php\/wp-json\/wp\/v2\/posts\/6782","targetHints":{"allow":["GET"]}}],"collection":[{"href":"https:\/\/nordesteimprensa.com.br\/index.php\/wp-json\/wp\/v2\/posts"}],"about":[{"href":"https:\/\/nordesteimprensa.com.br\/index.php\/wp-json\/wp\/v2\/types\/post"}],"author":[{"embeddable":true,"href":"https:\/\/nordesteimprensa.com.br\/index.php\/wp-json\/wp\/v2\/users\/6"}],"replies":[{"embeddable":true,"href":"https:\/\/nordesteimprensa.com.br\/index.php\/wp-json\/wp\/v2\/comments?post=6782"}],"version-history":[{"count":1,"href":"https:\/\/nordesteimprensa.com.br\/index.php\/wp-json\/wp\/v2\/posts\/6782\/revisions"}],"predecessor-version":[{"id":6784,"href":"https:\/\/nordesteimprensa.com.br\/index.php\/wp-json\/wp\/v2\/posts\/6782\/revisions\/6784"}],"wp:featuredmedia":[{"embeddable":true,"href":"https:\/\/nordesteimprensa.com.br\/index.php\/wp-json\/wp\/v2\/media\/6783"}],"wp:attachment":[{"href":"https:\/\/nordesteimprensa.com.br\/index.php\/wp-json\/wp\/v2\/media?parent=6782"}],"wp:term":[{"taxonomy":"category","embeddable":true,"href":"https:\/\/nordesteimprensa.com.br\/index.php\/wp-json\/wp\/v2\/categories?post=6782"},{"taxonomy":"post_tag","embeddable":true,"href":"https:\/\/nordesteimprensa.com.br\/index.php\/wp-json\/wp\/v2\/tags?post=6782"}],"curies":[{"name":"wp","href":"https:\/\/api.w.org\/{rel}","templated":true}]}}