{"id":6785,"date":"2025-02-19T12:05:17","date_gmt":"2025-02-19T15:05:17","guid":{"rendered":"https:\/\/nordesteimprensa.com.br\/?p=6785"},"modified":"2025-02-19T15:20:57","modified_gmt":"2025-02-19T18:20:57","slug":"ano-letivo-inicia-com-novidades-e-investimentos-na-rede-estadual-de-sergipe","status":"publish","type":"post","link":"https:\/\/nordesteimprensa.com.br\/index.php\/2025\/02\/19\/ano-letivo-inicia-com-novidades-e-investimentos-na-rede-estadual-de-sergipe\/","title":{"rendered":"Ano letivo inicia com novidades e investimentos na rede estadual de Sergipe"},"content":{"rendered":"\n<p><em>Reformas, moderniza\u00e7\u00e3o, investimento em tecnologia e assist\u00eancia est\u00e3o entre as a\u00e7\u00f5es de destaque da gest\u00e3o estadual para os estudantes sergipanos<\/em><br><\/p>\n\n\n\n<p>Em Sergipe, o ano letivo de 2025 come\u00e7ou com p\u00e9 direito na rede estadual de ensino. Isso porque os diversos investimentos que t\u00eam sido destinados pelo Governo do Estado \u00e0 \u00e1rea da Educa\u00e7\u00e3o passam a ser sentidos cada vez mais na pr\u00e1tica, beneficiando, antes de tudo, os estudantes sergipanos. Na \u00faltima quinta-feira, 6, eles retornaram \u00e0s aulas com algumas novidades, como o in\u00edcio do programa Barriguinha Cheia, que deve contemplar aproximadamente 120 mil alunos com acolhimento nutricional logo no in\u00edcio do dia letivo, e a implementa\u00e7\u00e3o do programa Conectados, que distribuir\u00e1 71 mil tablets para estudantes do ensino m\u00e9dio.<br>A volta \u00e0s aulas tamb\u00e9m foi marcada pela entrega da 64\u00aa obra do Governo do Estado na \u00e1rea da Educa\u00e7\u00e3o, dessa vez no munic\u00edpio de Lagarto, no centro-sul sergipano, com a reforma, amplia\u00e7\u00e3o e moderniza\u00e7\u00e3o do Centro de Excel\u00eancia Abelardo Romero Dantas, fruto de um investimento de mais de R$ 6 milh\u00f5es.<br>Al\u00e9m de ter iniciado as atividades escolares em um ambiente totalmente modernizado, a estudante Larissa Amorim foi uma das cinco primeiras a serem contempladas com os tablets do programa Conectados. Ela lembrou que o aparelho chegou em um momento oportuno, uma vez que a Lei n\u00ba 15.100\/2025, sancionada pelo presidente Lula em 13 de janeiro, restringe o uso de celulares nas escolas. Para ela, o tablet ser\u00e1 um substituto mais adequado \u00e0 sala de aula, pois permitir\u00e1 que os alunos utilizem a ferramenta exclusivamente para fins educacionais. \u201cOs tablets v\u00e3o nos estimular a aprender mais, porque faremos nossas pesquisas online\u201d, justificou.<br>A disponibiliza\u00e7\u00e3o dos tablets integra a pol\u00edtica de conectividade efetivada pela Lei n.\u00ba 14.172\/2021(alterada pela Lei Federal n\u00ba 14.640\/2023), que disp\u00f5e sobre a garantia de acesso \u00e0 internet, com fins educacionais, a alunos e a professores da educa\u00e7\u00e3o b\u00e1sica p\u00fablica.<br>Aprova\u00e7\u00e3o<br>No Col\u00e9gio Estadual Tobias Barreto, alunos como Sarah Christinne Ara\u00fajo demonstraram satisfa\u00e7\u00e3o ao serem recebidos com a novidade do \u2018Barriguinha Cheia\u2019. \u201cAcho excelente, pois h\u00e1 pessoas que n\u00e3o conseguem tomar caf\u00e9 em casa e, para n\u00e3o precisarem comprar algo na rua, podem se alimentar na escola antes do intervalo. Isso \u00e9 importante, pois, \u00e0s vezes, a pessoa passa mal ou n\u00e3o tem tempo. Achei essa iniciativa muito boa. O lanche de hoje foi bolinho com suco de goiaba&#8221;, contou.<br>Outra novidade para os alunos da rede estadual de ensino em 2025 \u00e9 o Centro Estadual de Idiomas (CEI), que oferecer\u00e1 aos alunos da rede p\u00fablica estadual a oportunidade de estudar o idioma de sua escolha. O centro oferecer\u00e1 aulas exclusivas de L\u00edngua Inglesa, Espanhola e Francesa, al\u00e9m da L\u00edngua Brasileira de Sinais (Libras).<br>Apesar de n\u00e3o ser uma novidade, a entrega dos kits escolares, que precedeu o in\u00edcio das aulas, foi outro diferencial dentre os investimentos da gest\u00e3o estadual na Educa\u00e7\u00e3o sergipana. Este ano, por meio do Programa de Transfer\u00eancia de Recursos Financeiros Diretamente \u00e0s Escolas P\u00fablicas Estaduais (Profin), quase R$ 32 milh\u00f5es foram destinados \u00e0 aquisi\u00e7\u00e3o de cadernos, canetas, l\u00e1pis e uniformes para os alunos das 318 escolas estaduais.<br>Reformas<br>Entre 2023 e fevereiro de 2025, foram conclu\u00eddas 64 obras, totalizando um investimento de R$ 145.194.543,05. Essas melhorias incluem a moderniza\u00e7\u00e3o, amplia\u00e7\u00e3o e constru\u00e7\u00e3o de unidades escolares, al\u00e9m da climatiza\u00e7\u00e3o de ambientes e a edifica\u00e7\u00e3o de quadras e gin\u00e1sios poliesportivos. Somente em 2024, o governo entregou 25 obras. Em m\u00e9dia, uma nova obra foi entregue a cada 12 dias ao longo do ano.<\/p>\n","protected":false},"excerpt":{"rendered":"<p>Reformas, moderniza\u00e7\u00e3o, investimento em tecnologia e assist\u00eancia est\u00e3o entre as a\u00e7\u00f5es de destaque da gest\u00e3o estadual para os estudantes sergipanos Em Sergipe, o ano letivo de 2025 come\u00e7ou com p\u00e9 direito na rede estadual de ensino. Isso porque os diversos investimentos que t\u00eam sido destinados pelo Governo do Estado \u00e0 \u00e1rea da Educa\u00e7\u00e3o passam a [&hellip;]<\/p>\n","protected":false},"author":6,"featured_media":6805,"comment_status":"open","ping_status":"open","sticky":false,"template":"","format":"standard","meta":{"footnotes":""},"categories":[10],"tags":[],"class_list":{"0":"post-6785","1":"post","2":"type-post","3":"status-publish","4":"format-standard","5":"has-post-thumbnail","7":"category-theme-features"},"_links":{"self":[{"href":"https:\/\/nordesteimprensa.com.br\/index.php\/wp-json\/wp\/v2\/posts\/6785","targetHints":{"allow":["GET"]}}],"collection":[{"href":"https:\/\/nordesteimprensa.com.br\/index.php\/wp-json\/wp\/v2\/posts"}],"about":[{"href":"https:\/\/nordesteimprensa.com.br\/index.php\/wp-json\/wp\/v2\/types\/post"}],"author":[{"embeddable":true,"href":"https:\/\/nordesteimprensa.com.br\/index.php\/wp-json\/wp\/v2\/users\/6"}],"replies":[{"embeddable":true,"href":"https:\/\/nordesteimprensa.com.br\/index.php\/wp-json\/wp\/v2\/comments?post=6785"}],"version-history":[{"count":1,"href":"https:\/\/nordesteimprensa.com.br\/index.php\/wp-json\/wp\/v2\/posts\/6785\/revisions"}],"predecessor-version":[{"id":6787,"href":"https:\/\/nordesteimprensa.com.br\/index.php\/wp-json\/wp\/v2\/posts\/6785\/revisions\/6787"}],"wp:featuredmedia":[{"embeddable":true,"href":"https:\/\/nordesteimprensa.com.br\/index.php\/wp-json\/wp\/v2\/media\/6805"}],"wp:attachment":[{"href":"https:\/\/nordesteimprensa.com.br\/index.php\/wp-json\/wp\/v2\/media?parent=6785"}],"wp:term":[{"taxonomy":"category","embeddable":true,"href":"https:\/\/nordesteimprensa.com.br\/index.php\/wp-json\/wp\/v2\/categories?post=6785"},{"taxonomy":"post_tag","embeddable":true,"href":"https:\/\/nordesteimprensa.com.br\/index.php\/wp-json\/wp\/v2\/tags?post=6785"}],"curies":[{"name":"wp","href":"https:\/\/api.w.org\/{rel}","templated":true}]}}