{"id":6797,"date":"2025-02-19T12:18:43","date_gmt":"2025-02-19T15:18:43","guid":{"rendered":"https:\/\/nordesteimprensa.com.br\/?p=6797"},"modified":"2025-02-19T12:18:44","modified_gmt":"2025-02-19T15:18:44","slug":"condutor-perde-o-controle-colide-contra-poste-e-atinge-ciclista-na-avenida-beira-mar-em-aracaju","status":"publish","type":"post","link":"https:\/\/nordesteimprensa.com.br\/index.php\/2025\/02\/19\/condutor-perde-o-controle-colide-contra-poste-e-atinge-ciclista-na-avenida-beira-mar-em-aracaju\/","title":{"rendered":"Condutor perde o controle, colide contra poste e atinge ciclista na Avenida Beira Mar em Aracaju"},"content":{"rendered":"\n<p>Um condutor perdeu o controle do ve\u00edculo, colidiu contra um poste e atingiu um ciclista no in\u00edcio da manh\u00e3 desta quarta-feira (19) na Avenida Beira Mar, no Bairro 13 de Julho&nbsp;em&nbsp;<a class=\"\" href=\"https:\/\/g1.globo.com\/se\/sergipe\/cidade\/aracaju\/\">Aracaju<\/a>.&nbsp;<\/p>\n\n\n\n<p><\/p>\n\n\n\n<p>De acordo com a Pol\u00edcia de Tr\u00e2nsito, o condutor n\u00e3o ficou ferido. Ele se recusou a fazer o teste do baf\u00f4metro e foi detido.&nbsp;<\/p>\n\n\n\n<p>Com o impacto, o ciclista foi arremessado e ficou ferido, mas permaneceu consciente. Ele foi atendido pelo Servi\u00e7o de Atendimento M\u00f3vel de Urg\u00eancia (Samu) e encaminhado para o Hospital de Urg\u00eancias de Sergipe (Huse), onde foi avaliado e liberado.&nbsp;<\/p>\n\n\n\n<p>Segundo a fam\u00edlia, ele tem 20 anos, \u00e9 frentista e estava a caminho do trabalho no momento do acidente.&nbsp;<\/p>\n\n\n\n<p>O tr\u00e2nsito foi desviado no sentido centro\/ praias. Agentes da SMTT orientam os condutores.<\/p>\n","protected":false},"excerpt":{"rendered":"<p>Um condutor perdeu o controle do ve\u00edculo, colidiu contra um poste e atingiu um ciclista no in\u00edcio da manh\u00e3 desta quarta-feira (19) na Avenida Beira Mar, no Bairro 13 de Julho&nbsp;em&nbsp;Aracaju.&nbsp; De acordo com a Pol\u00edcia de Tr\u00e2nsito, o condutor n\u00e3o ficou ferido. Ele se recusou a fazer o teste do baf\u00f4metro e foi detido.&nbsp; [&hellip;]<\/p>\n","protected":false},"author":6,"featured_media":6798,"comment_status":"open","ping_status":"open","sticky":false,"template":"","format":"standard","meta":{"footnotes":""},"categories":[10],"tags":[],"class_list":{"0":"post-6797","1":"post","2":"type-post","3":"status-publish","4":"format-standard","5":"has-post-thumbnail","7":"category-theme-features"},"_links":{"self":[{"href":"https:\/\/nordesteimprensa.com.br\/index.php\/wp-json\/wp\/v2\/posts\/6797","targetHints":{"allow":["GET"]}}],"collection":[{"href":"https:\/\/nordesteimprensa.com.br\/index.php\/wp-json\/wp\/v2\/posts"}],"about":[{"href":"https:\/\/nordesteimprensa.com.br\/index.php\/wp-json\/wp\/v2\/types\/post"}],"author":[{"embeddable":true,"href":"https:\/\/nordesteimprensa.com.br\/index.php\/wp-json\/wp\/v2\/users\/6"}],"replies":[{"embeddable":true,"href":"https:\/\/nordesteimprensa.com.br\/index.php\/wp-json\/wp\/v2\/comments?post=6797"}],"version-history":[{"count":1,"href":"https:\/\/nordesteimprensa.com.br\/index.php\/wp-json\/wp\/v2\/posts\/6797\/revisions"}],"predecessor-version":[{"id":6799,"href":"https:\/\/nordesteimprensa.com.br\/index.php\/wp-json\/wp\/v2\/posts\/6797\/revisions\/6799"}],"wp:featuredmedia":[{"embeddable":true,"href":"https:\/\/nordesteimprensa.com.br\/index.php\/wp-json\/wp\/v2\/media\/6798"}],"wp:attachment":[{"href":"https:\/\/nordesteimprensa.com.br\/index.php\/wp-json\/wp\/v2\/media?parent=6797"}],"wp:term":[{"taxonomy":"category","embeddable":true,"href":"https:\/\/nordesteimprensa.com.br\/index.php\/wp-json\/wp\/v2\/categories?post=6797"},{"taxonomy":"post_tag","embeddable":true,"href":"https:\/\/nordesteimprensa.com.br\/index.php\/wp-json\/wp\/v2\/tags?post=6797"}],"curies":[{"name":"wp","href":"https:\/\/api.w.org\/{rel}","templated":true}]}}