{"id":6800,"date":"2025-02-19T12:21:01","date_gmt":"2025-02-19T15:21:01","guid":{"rendered":"https:\/\/nordesteimprensa.com.br\/?p=6800"},"modified":"2025-02-19T12:21:01","modified_gmt":"2025-02-19T15:21:01","slug":"programa-novo-lar-leva-dignidade-e-transforma-vidas-com-requalificacao-de-moradias-em-sergipe","status":"publish","type":"post","link":"https:\/\/nordesteimprensa.com.br\/index.php\/2025\/02\/19\/programa-novo-lar-leva-dignidade-e-transforma-vidas-com-requalificacao-de-moradias-em-sergipe\/","title":{"rendered":"Programa Novo Lar leva dignidade e transforma vidas com requalifica\u00e7\u00e3o de moradias em Sergipe"},"content":{"rendered":"\n<p>Com o objetivo de recuperar unidades habitacionais de fam\u00edlias de baixa renda, o Programa Novo Lar, iniciativa do Governo de Sergipe, coordenada pela Secretaria de Estado da Assist\u00eancia Social, Inclus\u00e3o e Cidadania (Seasic) e executada pela Secretaria de Estado do Desenvolvimento Urbano e Infraestrutura (Sedurbi), vem transformando a realidade de muitos sergipanos, melhorando componentes estruturais, dando condi\u00e7\u00f5es sanit\u00e1rias e est\u00e9ticas dignas \u00e0s moradias.<\/p>\n\n\n\n<p>A vida de Maria Dailton Martins, de 45 anos, e dos dois filhos, Cau\u00e3, de 6, e Edna, de 8, mudou para melhor h\u00e1 cerca de dois meses por meio do \u2018Novo Lar\u2019. Antes, a fam\u00edlia enfrentava dificuldades di\u00e1rias em casa, no povoado Sariema, em Tobias Barreto, vivendo sem um banheiro adequado.<\/p>\n\n\n\n<p>\u201cAntes, era s\u00f3 o cimento e o vaso, n\u00e3o tinha condi\u00e7\u00f5es de reformar. Agora, tem piso, pia, tudo. Nunca imaginei ter um banheiro desse. Estou feliz e as crian\u00e7as tamb\u00e9m, agora, querem tomar banho sozinhas. Tudo est\u00e1 melhor e consigo fazer uma limpeza boa no banheiro\u201d, conta Maria Dailton.<\/p>\n\n\n\n<p>Al\u00e9m da estrutura do banheiro, a fachada da casa tamb\u00e9m foi reformada, trazendo mais seguran\u00e7a e autoestima para a moradora. \u201cFicou mais bonita. N\u00e3o tinha reboco e eu n\u00e3o tinha condi\u00e7\u00f5es para fazer porque o dinheiro que a gente tem \u00e9 s\u00f3 para comer. Agora, \u00e9 uma felicidade estar em casa com tudo isso\u201d, acrescenta Maria, que sobrevive com o aux\u00edlio do Bolsa Fam\u00edlia.<\/p>\n\n\n\n<p><strong><em>Moradias requalificadas<\/em><\/strong><\/p>\n\n\n\n<p>Muito mais do que reformas, o programa promove um impacto real na vida das pessoas. Cada lar recuperado significa uma fam\u00edlia vivendo com mais seguran\u00e7a, sa\u00fade e conforto. Garantir moradias dignas \u00e9 assegurar que essas pessoas tenham a base necess\u00e1ria para construir um futuro melhor. No povoado Sariema, em Tobias Barreto, 22 fam\u00edlias j\u00e1 foram beneficiadas, incluindo a de Maria F\u00e1tima Santos, de 29 anos. Vi\u00fava e m\u00e3e de tr\u00eas meninas, de 11 meses, 7 e 13 anos. Ela sobrevive com o Bolsa Fam\u00edlia e realiza trabalhos espor\u00e1dicos como bordadeira.<\/p>\n\n\n\n<p>Para Maria de F\u00e1tima, a reforma da casa foi essencial para melhorar a rotina da fam\u00edlia. \u201cReformaram o banheiro, rebocaram o fundo e pintaram a frente da casa. Meu banheiro est\u00e1 todo chique, com azulejo, bem bonitinho. Facilita tudo na luta da gente, tem \u00e1gua encanada no banheiro, com descarga. A gente consegue escovar os dentes, tomar banho, lavar o banheiro direito, tudo est\u00e1 melhor\u201d, comemora Maria F\u00e1tima.<\/p>\n\n\n\n<p>J\u00e1 Josefa Maria dos Santos, de 44 anos, mora no povoado h\u00e1 cerca de 15 anos e divide a casa com o marido e quatro filhos. O sonho dela sempre foi ter um banheiro externo, j\u00e1 que o \u00fanico que possu\u00eda era pequeno e sem estrutura adequada para uma fam\u00edlia grande. Agora, com o benef\u00edcio do programa, a realidade \u00e9 diferente.<\/p>\n\n\n\n<p>\u201cMeu sonho era ter um banheiro fora porque o de dentro \u00e9 bem simples e pequenininho, s\u00f3 tinha o vaso, mas esse banheiro que ganhei \u00e9 100% melhor do que imaginei, tem a caixa d\u2019\u00e1gua, cer\u00e2mica, piso, \u00e9 muito bonito. Fiquei muito feliz porque um banheiro s\u00f3 \u00e9 muito ruim para uma fam\u00edlia grande. Ter recebido esse banheiro ajuda no nosso dia a dia demais, sem falar da fachada que n\u00e3o era pintada e ficou muito bonita\u201d, relata.<\/p>\n\n\n\n<p>A reforma significa a realiza\u00e7\u00e3o de um sonho que parecia distante, \u00e9 o que afirma Adriene Alves de Jesus, de 39 anos. Criando quatro filhos, Adriene sempre precisou lidar com um banheiro externo sem cobertura, o que dificultava a rotina da fam\u00edlia.<\/p>\n\n\n\n<p>\u201cCriei quatro filhos aqui s\u00f3 com o banheiro de fora, que n\u00e3o era coberto, foi bem dif\u00edcil. Meu sonho era ter meu banheiro dentro de casa. Tenho um prazer enorme, agora, quando vejo meu banheiro todo bonitinho, perfeito. Antes, quando a gente precisava usar o banheiro, tinha que ir ao quintal, na chuva, de noite, como estivesse. Eles tamb\u00e9m reformaram um quarto e a frente da casa, ficou tudo \u00f3timo\u201d, ressaltou.<\/p>\n\n\n\n<p>Novo Lar<\/p>\n\n\n\n<p>O Programa Novo Lar j\u00e1 alcan\u00e7ou 527 fam\u00edlias sergipanas desde 2022. Destas, 80,21% j\u00e1 receberam o benef\u00edcio em seu domic\u00edlio e 19,79% est\u00e3o com obras em execu\u00e7\u00e3o ou a serem iniciadas. A meta do Governo de Sergipe \u00e9 requalificar at\u00e9 5 mil moradias entre 2025 e 2026, garantindo que mais fam\u00edlias tenham um lar digno, seguro e confort\u00e1vel.<\/p>\n\n\n\n<p>O programa contempla todos os territ\u00f3rios sergipanos, em munic\u00edpios como Aracaju, Riachuelo, Pirambu, Divina Pastora, Siriri, Graccho Cardoso, Telha, Canhoba, Propri\u00e1, Santana do S\u00e3o Francisco, Areia Branca, Moita Bonita, Malhador, Carira, Riach\u00e3o do Dantas, Po\u00e7o Verde, Sim\u00e3o Dias, Cristin\u00e1polis, Santa Luzia do Itanhi, Pedrinhas e Indiaroba j\u00e1 sendo beneficiados. A expectativa \u00e9 de que os munic\u00edpios de S\u00e3o Miguel do Aleixo, Pinh\u00e3o e Nossa Senhora Aparecida tamb\u00e9m sejam contemplados com o programa.<\/p>\n\n\n\n<figure class=\"wp-block-image size-large\"><img loading=\"lazy\" decoding=\"async\" width=\"1024\" height=\"683\" src=\"https:\/\/nordesteimprensa.com.br\/wp-content\/uploads\/2025\/02\/IMG_4107-1024x683.jpeg\" alt=\"\" class=\"wp-image-6802\" srcset=\"https:\/\/nordesteimprensa.com.br\/wp-content\/uploads\/2025\/02\/IMG_4107-1024x683.jpeg 1024w, https:\/\/nordesteimprensa.com.br\/wp-content\/uploads\/2025\/02\/IMG_4107-300x200.jpeg 300w, https:\/\/nordesteimprensa.com.br\/wp-content\/uploads\/2025\/02\/IMG_4107-768x512.jpeg 768w, https:\/\/nordesteimprensa.com.br\/wp-content\/uploads\/2025\/02\/IMG_4107-1536x1024.jpeg 1536w, https:\/\/nordesteimprensa.com.br\/wp-content\/uploads\/2025\/02\/IMG_4107-360x240.jpeg 360w, https:\/\/nordesteimprensa.com.br\/wp-content\/uploads\/2025\/02\/IMG_4107-600x400.jpeg 600w, https:\/\/nordesteimprensa.com.br\/wp-content\/uploads\/2025\/02\/IMG_4107.jpeg 2048w\" sizes=\"auto, (max-width: 1024px) 100vw, 1024px\" \/><\/figure>\n","protected":false},"excerpt":{"rendered":"<p>Com o objetivo de recuperar unidades habitacionais de fam\u00edlias de baixa renda, o Programa Novo Lar, iniciativa do Governo de Sergipe, coordenada pela Secretaria de Estado da Assist\u00eancia Social, Inclus\u00e3o e Cidadania (Seasic) e executada pela Secretaria de Estado do Desenvolvimento Urbano e Infraestrutura (Sedurbi), vem transformando a realidade de muitos sergipanos, melhorando componentes estruturais, [&hellip;]<\/p>\n","protected":false},"author":6,"featured_media":6801,"comment_status":"open","ping_status":"open","sticky":false,"template":"","format":"standard","meta":{"footnotes":""},"categories":[10],"tags":[],"class_list":{"0":"post-6800","1":"post","2":"type-post","3":"status-publish","4":"format-standard","5":"has-post-thumbnail","7":"category-theme-features"},"_links":{"self":[{"href":"https:\/\/nordesteimprensa.com.br\/index.php\/wp-json\/wp\/v2\/posts\/6800","targetHints":{"allow":["GET"]}}],"collection":[{"href":"https:\/\/nordesteimprensa.com.br\/index.php\/wp-json\/wp\/v2\/posts"}],"about":[{"href":"https:\/\/nordesteimprensa.com.br\/index.php\/wp-json\/wp\/v2\/types\/post"}],"author":[{"embeddable":true,"href":"https:\/\/nordesteimprensa.com.br\/index.php\/wp-json\/wp\/v2\/users\/6"}],"replies":[{"embeddable":true,"href":"https:\/\/nordesteimprensa.com.br\/index.php\/wp-json\/wp\/v2\/comments?post=6800"}],"version-history":[{"count":1,"href":"https:\/\/nordesteimprensa.com.br\/index.php\/wp-json\/wp\/v2\/posts\/6800\/revisions"}],"predecessor-version":[{"id":6803,"href":"https:\/\/nordesteimprensa.com.br\/index.php\/wp-json\/wp\/v2\/posts\/6800\/revisions\/6803"}],"wp:featuredmedia":[{"embeddable":true,"href":"https:\/\/nordesteimprensa.com.br\/index.php\/wp-json\/wp\/v2\/media\/6801"}],"wp:attachment":[{"href":"https:\/\/nordesteimprensa.com.br\/index.php\/wp-json\/wp\/v2\/media?parent=6800"}],"wp:term":[{"taxonomy":"category","embeddable":true,"href":"https:\/\/nordesteimprensa.com.br\/index.php\/wp-json\/wp\/v2\/categories?post=6800"},{"taxonomy":"post_tag","embeddable":true,"href":"https:\/\/nordesteimprensa.com.br\/index.php\/wp-json\/wp\/v2\/tags?post=6800"}],"curies":[{"name":"wp","href":"https:\/\/api.w.org\/{rel}","templated":true}]}}