{"id":6811,"date":"2025-02-20T11:34:36","date_gmt":"2025-02-20T14:34:36","guid":{"rendered":"https:\/\/nordesteimprensa.com.br\/?p=6811"},"modified":"2025-02-20T11:34:36","modified_gmt":"2025-02-20T14:34:36","slug":"vigilancia-de-aracaju-alerta-sobre-riscos-ao-usar-pomadas-para-cabelo","status":"publish","type":"post","link":"https:\/\/nordesteimprensa.com.br\/index.php\/2025\/02\/20\/vigilancia-de-aracaju-alerta-sobre-riscos-ao-usar-pomadas-para-cabelo\/","title":{"rendered":"Vigil\u00e2ncia de Aracaju alerta sobre riscos ao usar pomadas para cabelo"},"content":{"rendered":"\n<p>A Secretaria Municipal da Sa\u00fade (SMS) de Aracaju, por meio da Vigil\u00e2ncia Sanit\u00e1ria, emite um&nbsp;alerta importante sobre os riscos do uso inadequado de pomadas modeladoras para cabelo, produtos populares no per\u00edodo carnavalesco.<\/p>\n\n\n\n<p>A m\u00e1 utiliza\u00e7\u00e3o dessas pomadas, especialmente o contato direto com os olhos, tem gerado les\u00f5es graves, como queimaduras qu\u00edmicas, irrita\u00e7\u00e3o intensa e at\u00e9 cegueira tempor\u00e1ria.<\/p>\n\n\n\n<p>Jacklene Andrade, gerente de saneantes e cosm\u00e9ticos da SMS, enfatiza a import\u00e2ncia de estar atento \u00e0 proced\u00eancia dos produtos. \u201cA Vigil\u00e2ncia Sanit\u00e1ria fiscaliza a fabrica\u00e7\u00e3o e comercializa\u00e7\u00e3o desses produtos para garantir que eles sejam seguros. As empresas precisam ter a autoriza\u00e7\u00e3o da Anvisa, licen\u00e7a sanit\u00e1ria e o registro do produto, tudo regularizado. Caso contr\u00e1rio, as penalidades podem incluir processos administrativos e san\u00e7\u00f5es\u201d, ressaltou.<\/p>\n\n\n\n<p>A Vigil\u00e2ncia Sanit\u00e1ria alerta ainda para o&nbsp;risco do uso de produtos irregulares, que podem conter subst\u00e2ncias nocivas \u00e0 sa\u00fade. \u201cOs produtos devem ser adquiridos apenas de fabricantes e fornecedores registrados. O consumidor deve observar no r\u00f3tulo informa\u00e7\u00f5es como o n\u00famero de registro da Anvisa. Al\u00e9m disso, \u00e9 recomend\u00e1vel que s\u00f3 usem a quantidade de produto recomendada na embalagem. O ideal \u00e9 respeitar as orienta\u00e7\u00f5es de uso e lavar sempre as m\u00e3os ap\u00f3s o manuseio. E ainda, n\u00e3o passar produtos que n\u00e3o sejam regulamentados\u201d, recomenda Jacklene.<\/p>\n\n\n\n<p>Durante o Carnaval, o risco de les\u00f5es aumenta devido ao suor, exposi\u00e7\u00e3o \u00e0 \u00e1gua de chuva, piscina ou mar e o manuseio incorreto dos produtos. A Anvisa e a Vigil\u00e2ncia Sanit\u00e1ria orientam a popula\u00e7\u00e3o a n\u00e3o utilizar os produtos em excesso, a proteger os olhos durante a aplica\u00e7\u00e3o e a lavar as m\u00e3os imediatamente ap\u00f3s o uso. \u201cEsses cuidados ajudam a evitar complica\u00e7\u00f5es graves \u00e0 sa\u00fade. Tendo qualquer problema, procurar atendimento m\u00e9dico imediatamente, porque os casos de queimaduras e les\u00f5es s\u00e3o graves. Em 93% dos casos eles t\u00eam um agravamento, ent\u00e3o&nbsp;\u00e9 important\u00edssimo que procure aux\u00edlio m\u00e9dico e notifique a Anvisa\u201d, enfatizou.<\/p>\n\n\n\n<p>Fonte: Infonet<\/p>\n","protected":false},"excerpt":{"rendered":"<p>A Secretaria Municipal da Sa\u00fade (SMS) de Aracaju, por meio da Vigil\u00e2ncia Sanit\u00e1ria, emite um&nbsp;alerta importante sobre os riscos do uso inadequado de pomadas modeladoras para cabelo, produtos populares no per\u00edodo carnavalesco. A m\u00e1 utiliza\u00e7\u00e3o dessas pomadas, especialmente o contato direto com os olhos, tem gerado les\u00f5es graves, como queimaduras qu\u00edmicas, irrita\u00e7\u00e3o intensa e at\u00e9 [&hellip;]<\/p>\n","protected":false},"author":6,"featured_media":6812,"comment_status":"open","ping_status":"open","sticky":false,"template":"","format":"standard","meta":{"footnotes":""},"categories":[10],"tags":[],"class_list":{"0":"post-6811","1":"post","2":"type-post","3":"status-publish","4":"format-standard","5":"has-post-thumbnail","7":"category-theme-features"},"_links":{"self":[{"href":"https:\/\/nordesteimprensa.com.br\/index.php\/wp-json\/wp\/v2\/posts\/6811","targetHints":{"allow":["GET"]}}],"collection":[{"href":"https:\/\/nordesteimprensa.com.br\/index.php\/wp-json\/wp\/v2\/posts"}],"about":[{"href":"https:\/\/nordesteimprensa.com.br\/index.php\/wp-json\/wp\/v2\/types\/post"}],"author":[{"embeddable":true,"href":"https:\/\/nordesteimprensa.com.br\/index.php\/wp-json\/wp\/v2\/users\/6"}],"replies":[{"embeddable":true,"href":"https:\/\/nordesteimprensa.com.br\/index.php\/wp-json\/wp\/v2\/comments?post=6811"}],"version-history":[{"count":1,"href":"https:\/\/nordesteimprensa.com.br\/index.php\/wp-json\/wp\/v2\/posts\/6811\/revisions"}],"predecessor-version":[{"id":6813,"href":"https:\/\/nordesteimprensa.com.br\/index.php\/wp-json\/wp\/v2\/posts\/6811\/revisions\/6813"}],"wp:featuredmedia":[{"embeddable":true,"href":"https:\/\/nordesteimprensa.com.br\/index.php\/wp-json\/wp\/v2\/media\/6812"}],"wp:attachment":[{"href":"https:\/\/nordesteimprensa.com.br\/index.php\/wp-json\/wp\/v2\/media?parent=6811"}],"wp:term":[{"taxonomy":"category","embeddable":true,"href":"https:\/\/nordesteimprensa.com.br\/index.php\/wp-json\/wp\/v2\/categories?post=6811"},{"taxonomy":"post_tag","embeddable":true,"href":"https:\/\/nordesteimprensa.com.br\/index.php\/wp-json\/wp\/v2\/tags?post=6811"}],"curies":[{"name":"wp","href":"https:\/\/api.w.org\/{rel}","templated":true}]}}