{"id":6814,"date":"2025-02-21T11:08:32","date_gmt":"2025-02-21T14:08:32","guid":{"rendered":"https:\/\/nordesteimprensa.com.br\/?p=6814"},"modified":"2025-02-21T11:08:32","modified_gmt":"2025-02-21T14:08:32","slug":"motorista-de-carro-de-luxo-que-atropelou-ciclista-e-liberado-em-audiencia-de-custodia-apos-pagar-fianca-de-r-151-mil","status":"publish","type":"post","link":"https:\/\/nordesteimprensa.com.br\/index.php\/2025\/02\/21\/motorista-de-carro-de-luxo-que-atropelou-ciclista-e-liberado-em-audiencia-de-custodia-apos-pagar-fianca-de-r-151-mil\/","title":{"rendered":"Motorista de carro de luxo que atropelou ciclista \u00e9 liberado em audi\u00eancia de cust\u00f3dia ap\u00f3s pagar fian\u00e7a de R$ 151 mil"},"content":{"rendered":"\n<p>Ozeas Cavalcante Batista Neto, motorista de 30 anos que atropelou um ciclista na Avenida Beira Mar nessa \u00faltima quarta-feira, 19, foi liberado em audi\u00eancia de cust\u00f3dia realizada na tarde desta quinta-feira, 20, no F\u00f3rum Gumercindo Bessa, em Aracaju, ap\u00f3s o pagamento de fian\u00e7a de R$ 151 mil \u2013 o equivalente a 100 sal\u00e1rios m\u00ednimos. O&nbsp;<strong>Portal Fan F1<\/strong>&nbsp;teve acesso, com exclusividade, ao comprovante de pagamento da fian\u00e7a.<\/p>\n\n\n\n<p>O juiz concedeu a liberdade provis\u00f3ria sob medidas cautelares. Ele dever\u00e1 comparecer mensalmente em ju\u00edzo para informar e justificar atividades, pelo prazo m\u00ednimo de 12 meses; Ele tamb\u00e9m fica proibido de frequentar bares, restaurantes, festas no prazo de 12 meses; Tamb\u00e9m fica proibido de ter contato com a testemunha do caso; Dever\u00e1 comparecer toda vez que for intimado; al\u00e9m de ter suspensa sua habilita\u00e7\u00e3o durante 12 meses;<\/p>\n\n\n\n<p>Embora a defesa de Ozeas tenha alegado baixa renda, no momento do acidente, o autuado dirigia um ve\u00edculo importado avaliado em R$ 300 mil.<\/p>\n\n\n\n<p>O acidente ocorreu na manh\u00e3 de ontem e foi registrado por c\u00e2meras de seguran\u00e7a. As imagens exclusivas, obtidas pelo&nbsp;<strong>Portal Fan F1<\/strong>, mostram o exato momento em que o ve\u00edculo atinge um ciclista de 20 anos, arremessando-o por mais de 50 metros.<\/p>\n\n\n\n<figure class=\"wp-block-embed is-type-rich is-provider-incorporar-manipulador wp-block-embed-incorporar-manipulador\"><div class=\"wp-block-embed__wrapper\">\nhttps:\/\/youtube.com\/watch?v=HAJ070U45vM%3Ffeature%3Doembed\n<\/div><\/figure>\n\n\n\n<p>Ozeas dirigia um BYD Seal, carro el\u00e9trico de luxo com 530 cavalos de pot\u00eancia, capaz de acelerar de 0 a 100 km\/h em apenas 3,8 segundos. O modelo \u00e9 avaliado em aproximadamente R$ 300 mil. O v\u00eddeo de uma c\u00e2mera de seguran\u00e7a registrou o momento em que ele perdeu o controle do ve\u00edculo, colidiu com um poste e atingiu o ciclista, que trafegava em uma bicicleta el\u00e9trica no sentido Zona Sul. A v\u00edtima, que trabalha como frentista, estava a caminho do trabalho quando foi atingida.<\/p>\n\n\n\n<p>Apesar da viol\u00eancia do impacto, o jovem sofreu apenas hematomas pelo corpo e estava consciente no momento do resgate. Ele foi socorrido pelo Servi\u00e7o de Atendimento M\u00f3vel de Urg\u00eancia (Samu) e encaminhado ao Hospital de Urg\u00eancias de Sergipe (Huse).<\/p>\n\n\n\n<p><br>Ozeas negou estar em alta velocidade e atribuiu a perda de controle ao sistema operacional do carro. Em entrevista \u00e0 equipe do Jornal da Fan, da R\u00e1dio Fan FM, ele afirmou: \u201cJamais perdi o controle do ve\u00edculo. Eu liguei o sistema operacional do carro, e ele jogou para o lado, me fazendo perder o controle.\u201d<\/p>\n\n\n\n<p>A Secretaria de Seguran\u00e7a P\u00fablica (SSP\/SE) informou que o motorista se recusou a fazer o teste do baf\u00f4metro. No entanto, conforme o delegado Gabriel Nogueira, diretor da Central de Flagrantes (Ceflan), a equipe do BPTran constatou sinais vis\u00edveis de embriaguez. \u201cO BPTran elaborou um relat\u00f3rio que confirma ind\u00edcios de consumo de bebidas alco\u00f3licas\u201d, declarou o delegado.<\/p>\n\n\n\n<p>Fonte: Fanf1<\/p>\n","protected":false},"excerpt":{"rendered":"<p>Ozeas Cavalcante Batista Neto, motorista de 30 anos que atropelou um ciclista na Avenida Beira Mar nessa \u00faltima quarta-feira, 19, foi liberado em audi\u00eancia de cust\u00f3dia realizada na tarde desta quinta-feira, 20, no F\u00f3rum Gumercindo Bessa, em Aracaju, ap\u00f3s o pagamento de fian\u00e7a de R$ 151 mil \u2013 o equivalente a 100 sal\u00e1rios m\u00ednimos. O&nbsp;Portal [&hellip;]<\/p>\n","protected":false},"author":6,"featured_media":6815,"comment_status":"open","ping_status":"open","sticky":false,"template":"","format":"standard","meta":{"footnotes":""},"categories":[10],"tags":[],"class_list":{"0":"post-6814","1":"post","2":"type-post","3":"status-publish","4":"format-standard","5":"has-post-thumbnail","7":"category-theme-features"},"_links":{"self":[{"href":"https:\/\/nordesteimprensa.com.br\/index.php\/wp-json\/wp\/v2\/posts\/6814","targetHints":{"allow":["GET"]}}],"collection":[{"href":"https:\/\/nordesteimprensa.com.br\/index.php\/wp-json\/wp\/v2\/posts"}],"about":[{"href":"https:\/\/nordesteimprensa.com.br\/index.php\/wp-json\/wp\/v2\/types\/post"}],"author":[{"embeddable":true,"href":"https:\/\/nordesteimprensa.com.br\/index.php\/wp-json\/wp\/v2\/users\/6"}],"replies":[{"embeddable":true,"href":"https:\/\/nordesteimprensa.com.br\/index.php\/wp-json\/wp\/v2\/comments?post=6814"}],"version-history":[{"count":1,"href":"https:\/\/nordesteimprensa.com.br\/index.php\/wp-json\/wp\/v2\/posts\/6814\/revisions"}],"predecessor-version":[{"id":6816,"href":"https:\/\/nordesteimprensa.com.br\/index.php\/wp-json\/wp\/v2\/posts\/6814\/revisions\/6816"}],"wp:featuredmedia":[{"embeddable":true,"href":"https:\/\/nordesteimprensa.com.br\/index.php\/wp-json\/wp\/v2\/media\/6815"}],"wp:attachment":[{"href":"https:\/\/nordesteimprensa.com.br\/index.php\/wp-json\/wp\/v2\/media?parent=6814"}],"wp:term":[{"taxonomy":"category","embeddable":true,"href":"https:\/\/nordesteimprensa.com.br\/index.php\/wp-json\/wp\/v2\/categories?post=6814"},{"taxonomy":"post_tag","embeddable":true,"href":"https:\/\/nordesteimprensa.com.br\/index.php\/wp-json\/wp\/v2\/tags?post=6814"}],"curies":[{"name":"wp","href":"https:\/\/api.w.org\/{rel}","templated":true}]}}