{"id":6818,"date":"2025-02-21T11:10:51","date_gmt":"2025-02-21T14:10:51","guid":{"rendered":"https:\/\/nordesteimprensa.com.br\/?p=6818"},"modified":"2025-02-21T11:10:51","modified_gmt":"2025-02-21T14:10:51","slug":"acidente-entre-carro-e-moto-deixa-dois-feridos-na-av-tancredo-neves","status":"publish","type":"post","link":"https:\/\/nordesteimprensa.com.br\/index.php\/2025\/02\/21\/acidente-entre-carro-e-moto-deixa-dois-feridos-na-av-tancredo-neves\/","title":{"rendered":"Acidente entre carro e moto deixa dois feridos na Av. Tancredo Neves"},"content":{"rendered":"\n<p>Um acidente envolvendo um carro e uma motocicleta deixou duas pessoas feridas na manh\u00e3 desta sexta-feira, 21, no cruzamento da Avenida Tancredo Neves com a Rua Groenl\u00e2ndia, em Aracaju.<\/p>\n\n\n\n<p>De acordo com a Superintend\u00eancia Municipal de Transportes e Tr\u00e2nsito (SMTT), o condutor e a passageira da motocicleta ficaram feridos e aguardaram atendimento do Servi\u00e7o de Atendimento M\u00f3vel de Urg\u00eancia (Samu) no local.<\/p>\n\n\n\n<p>Agentes de tr\u00e2nsito foram acionados para orientar o fluxo de ve\u00edculos, que funcionou em meia pista durante o atendimento. Segundo a SMTT, a via j\u00e1 foi liberada.<\/p>\n\n\n\n<p>Fonte: Infonet<\/p>\n","protected":false},"excerpt":{"rendered":"<p>Um acidente envolvendo um carro e uma motocicleta deixou duas pessoas feridas na manh\u00e3 desta sexta-feira, 21, no cruzamento da Avenida Tancredo Neves com a Rua Groenl\u00e2ndia, em Aracaju. De acordo com a Superintend\u00eancia Municipal de Transportes e Tr\u00e2nsito (SMTT), o condutor e a passageira da motocicleta ficaram feridos e aguardaram atendimento do Servi\u00e7o de [&hellip;]<\/p>\n","protected":false},"author":6,"featured_media":6819,"comment_status":"open","ping_status":"open","sticky":false,"template":"","format":"standard","meta":{"footnotes":""},"categories":[10],"tags":[],"class_list":{"0":"post-6818","1":"post","2":"type-post","3":"status-publish","4":"format-standard","5":"has-post-thumbnail","7":"category-theme-features"},"_links":{"self":[{"href":"https:\/\/nordesteimprensa.com.br\/index.php\/wp-json\/wp\/v2\/posts\/6818","targetHints":{"allow":["GET"]}}],"collection":[{"href":"https:\/\/nordesteimprensa.com.br\/index.php\/wp-json\/wp\/v2\/posts"}],"about":[{"href":"https:\/\/nordesteimprensa.com.br\/index.php\/wp-json\/wp\/v2\/types\/post"}],"author":[{"embeddable":true,"href":"https:\/\/nordesteimprensa.com.br\/index.php\/wp-json\/wp\/v2\/users\/6"}],"replies":[{"embeddable":true,"href":"https:\/\/nordesteimprensa.com.br\/index.php\/wp-json\/wp\/v2\/comments?post=6818"}],"version-history":[{"count":1,"href":"https:\/\/nordesteimprensa.com.br\/index.php\/wp-json\/wp\/v2\/posts\/6818\/revisions"}],"predecessor-version":[{"id":6820,"href":"https:\/\/nordesteimprensa.com.br\/index.php\/wp-json\/wp\/v2\/posts\/6818\/revisions\/6820"}],"wp:featuredmedia":[{"embeddable":true,"href":"https:\/\/nordesteimprensa.com.br\/index.php\/wp-json\/wp\/v2\/media\/6819"}],"wp:attachment":[{"href":"https:\/\/nordesteimprensa.com.br\/index.php\/wp-json\/wp\/v2\/media?parent=6818"}],"wp:term":[{"taxonomy":"category","embeddable":true,"href":"https:\/\/nordesteimprensa.com.br\/index.php\/wp-json\/wp\/v2\/categories?post=6818"},{"taxonomy":"post_tag","embeddable":true,"href":"https:\/\/nordesteimprensa.com.br\/index.php\/wp-json\/wp\/v2\/tags?post=6818"}],"curies":[{"name":"wp","href":"https:\/\/api.w.org\/{rel}","templated":true}]}}