{"id":6821,"date":"2025-02-21T15:50:16","date_gmt":"2025-02-21T18:50:16","guid":{"rendered":"https:\/\/nordesteimprensa.com.br\/?p=6821"},"modified":"2025-02-21T15:50:16","modified_gmt":"2025-02-21T18:50:16","slug":"justica-de-se-nega-pedido-de-prorrogacao-de-contrato-da-torre","status":"publish","type":"post","link":"https:\/\/nordesteimprensa.com.br\/index.php\/2025\/02\/21\/justica-de-se-nega-pedido-de-prorrogacao-de-contrato-da-torre\/","title":{"rendered":"Justi\u00e7a de SE nega pedido de prorroga\u00e7\u00e3o de contrato da Torre"},"content":{"rendered":"\n<p>A Justi\u00e7a de Sergipe negou nessa quinta-feira (20), o pedido de liminar movido pela empresa de limpeza urbana Torre para que o contrato com a Prefeitura de&nbsp;<a class=\"\" href=\"https:\/\/g1.globo.com\/se\/sergipe\/cidade\/aracaju\/\">Aracaju<\/a>&nbsp;fosse prorrogado.&nbsp;<\/p>\n\n\n\n<p>Na a\u00e7\u00e3o, a Torre alegou que o Munic\u00edpio de Aracaju n\u00e3o cumpriu com o cronograma de pagamento junto \u00e0 empresa, gerando d\u00edvida e preju\u00edzos que motivaram a&nbsp;<a class=\"\" href=\"https:\/\/g1.globo.com\/se\/sergipe\/noticia\/2024\/12\/30\/coleta-de-lixo-aracaju.ghtml\">suspens\u00e3o da coleta de lixo no final do ano passado&nbsp;<\/a>e quase gerou a demiss\u00e3o em massa de diversos funcion\u00e1rios, por aus\u00eancia de recursos financeiros. Ainda segundo a Torre, o novo procedimento de contrata\u00e7\u00e3o emergencial para a coleta de lixo na capital deu-se de forma ilegal.&nbsp;<\/p>\n\n\n\n<p>De acordo com a decis\u00e3o, n\u00e3o h\u00e1 um direito claro de renova\u00e7\u00e3o do contrato, uma vez que este \u00e9 de natureza tempor\u00e1ria e n\u00e3o prev\u00ea renova\u00e7\u00e3o autom\u00e1tica. Al\u00e9m disso, a decis\u00e3o sobre a renova\u00e7\u00e3o do contrato \u00e9 prerrogativa da Administra\u00e7\u00e3o P\u00fablica.&nbsp;<\/p>\n\n\n\n<p>O procurador do Munic\u00edpio de Aracaju, Hunaldo Mota, informou que n\u00e3o houve descumprimento de ordem judicial. \u201c O juiz indeferiu o pedido da Torre com base nas informa\u00e7\u00f5es que n\u00f3s demos, de que a nova contrata\u00e7\u00e3o j\u00e1 estava ocorrendo\u201d.&nbsp;<\/p>\n\n\n\n<p>A Torre j\u00e1 havia pedido, juntamente com outras empresas, que o<a class=\"\" href=\"https:\/\/g1.globo.com\/se\/sergipe\/noticia\/2025\/02\/05\/justica-de-se-suspende-a-dispensa-de-licitacao-emergencial-para-limpeza-urbana-de-aracaju.ghtml\">&nbsp;processo de licita\u00e7\u00e3o emergencial fosse suspenso.<\/a><\/p>\n","protected":false},"excerpt":{"rendered":"<p>A Justi\u00e7a de Sergipe negou nessa quinta-feira (20), o pedido de liminar movido pela empresa de limpeza urbana Torre para que o contrato com a Prefeitura de&nbsp;Aracaju&nbsp;fosse prorrogado.&nbsp; Na a\u00e7\u00e3o, a Torre alegou que o Munic\u00edpio de Aracaju n\u00e3o cumpriu com o cronograma de pagamento junto \u00e0 empresa, gerando d\u00edvida e preju\u00edzos que motivaram a&nbsp;suspens\u00e3o [&hellip;]<\/p>\n","protected":false},"author":1,"featured_media":6822,"comment_status":"open","ping_status":"open","sticky":false,"template":"","format":"standard","meta":{"footnotes":""},"categories":[10],"tags":[],"class_list":{"0":"post-6821","1":"post","2":"type-post","3":"status-publish","4":"format-standard","5":"has-post-thumbnail","7":"category-theme-features"},"_links":{"self":[{"href":"https:\/\/nordesteimprensa.com.br\/index.php\/wp-json\/wp\/v2\/posts\/6821","targetHints":{"allow":["GET"]}}],"collection":[{"href":"https:\/\/nordesteimprensa.com.br\/index.php\/wp-json\/wp\/v2\/posts"}],"about":[{"href":"https:\/\/nordesteimprensa.com.br\/index.php\/wp-json\/wp\/v2\/types\/post"}],"author":[{"embeddable":true,"href":"https:\/\/nordesteimprensa.com.br\/index.php\/wp-json\/wp\/v2\/users\/1"}],"replies":[{"embeddable":true,"href":"https:\/\/nordesteimprensa.com.br\/index.php\/wp-json\/wp\/v2\/comments?post=6821"}],"version-history":[{"count":1,"href":"https:\/\/nordesteimprensa.com.br\/index.php\/wp-json\/wp\/v2\/posts\/6821\/revisions"}],"predecessor-version":[{"id":6823,"href":"https:\/\/nordesteimprensa.com.br\/index.php\/wp-json\/wp\/v2\/posts\/6821\/revisions\/6823"}],"wp:featuredmedia":[{"embeddable":true,"href":"https:\/\/nordesteimprensa.com.br\/index.php\/wp-json\/wp\/v2\/media\/6822"}],"wp:attachment":[{"href":"https:\/\/nordesteimprensa.com.br\/index.php\/wp-json\/wp\/v2\/media?parent=6821"}],"wp:term":[{"taxonomy":"category","embeddable":true,"href":"https:\/\/nordesteimprensa.com.br\/index.php\/wp-json\/wp\/v2\/categories?post=6821"},{"taxonomy":"post_tag","embeddable":true,"href":"https:\/\/nordesteimprensa.com.br\/index.php\/wp-json\/wp\/v2\/tags?post=6821"}],"curies":[{"name":"wp","href":"https:\/\/api.w.org\/{rel}","templated":true}]}}