{"id":6824,"date":"2025-02-21T15:51:16","date_gmt":"2025-02-21T18:51:16","guid":{"rendered":"https:\/\/nordesteimprensa.com.br\/?p=6824"},"modified":"2025-02-21T15:51:16","modified_gmt":"2025-02-21T18:51:16","slug":"acidente-de-transito-deixa-duas-pessoas-feridas-na-zona-oeste-de-aracaju","status":"publish","type":"post","link":"https:\/\/nordesteimprensa.com.br\/index.php\/2025\/02\/21\/acidente-de-transito-deixa-duas-pessoas-feridas-na-zona-oeste-de-aracaju\/","title":{"rendered":"Acidente de tr\u00e2nsito deixa duas pessoas feridas na Zona Oeste de Aracaju"},"content":{"rendered":"\n<p>Um acidente envolvendo um carro e uma motocicleta deixou duas pessoas feridas no cruzamento da Avenida Tancredo Neves com a rua Groel\u00e2ndia, em Aracaju, na manh\u00e3 desta sexta-feira (21).&nbsp;<\/p>\n\n\n\n<p><\/p>\n\n\n\n<p>O condutor e a passageira da motocicleta foram atendidos pelo Servi\u00e7o de Atendimento M\u00f3vel de Urg\u00eancia (Samu) e encaminhados a um hospital. N\u00e3o h\u00e1 informa\u00e7\u00f5es sobre o estado de sa\u00fade deles. O condutor do ve\u00edculo n\u00e3o ficou ferido.&nbsp;<\/p>\n\n\n\n<p>Agentes est\u00e3o no local para orientar o tr\u00e2nsito que funciona em meia pista.&nbsp;<\/p>\n","protected":false},"excerpt":{"rendered":"<p>Um acidente envolvendo um carro e uma motocicleta deixou duas pessoas feridas no cruzamento da Avenida Tancredo Neves com a rua Groel\u00e2ndia, em Aracaju, na manh\u00e3 desta sexta-feira (21).&nbsp; O condutor e a passageira da motocicleta foram atendidos pelo Servi\u00e7o de Atendimento M\u00f3vel de Urg\u00eancia (Samu) e encaminhados a um hospital. N\u00e3o h\u00e1 informa\u00e7\u00f5es sobre [&hellip;]<\/p>\n","protected":false},"author":6,"featured_media":6825,"comment_status":"open","ping_status":"open","sticky":false,"template":"","format":"standard","meta":{"footnotes":""},"categories":[10],"tags":[],"class_list":{"0":"post-6824","1":"post","2":"type-post","3":"status-publish","4":"format-standard","5":"has-post-thumbnail","7":"category-theme-features"},"_links":{"self":[{"href":"https:\/\/nordesteimprensa.com.br\/index.php\/wp-json\/wp\/v2\/posts\/6824","targetHints":{"allow":["GET"]}}],"collection":[{"href":"https:\/\/nordesteimprensa.com.br\/index.php\/wp-json\/wp\/v2\/posts"}],"about":[{"href":"https:\/\/nordesteimprensa.com.br\/index.php\/wp-json\/wp\/v2\/types\/post"}],"author":[{"embeddable":true,"href":"https:\/\/nordesteimprensa.com.br\/index.php\/wp-json\/wp\/v2\/users\/6"}],"replies":[{"embeddable":true,"href":"https:\/\/nordesteimprensa.com.br\/index.php\/wp-json\/wp\/v2\/comments?post=6824"}],"version-history":[{"count":1,"href":"https:\/\/nordesteimprensa.com.br\/index.php\/wp-json\/wp\/v2\/posts\/6824\/revisions"}],"predecessor-version":[{"id":6826,"href":"https:\/\/nordesteimprensa.com.br\/index.php\/wp-json\/wp\/v2\/posts\/6824\/revisions\/6826"}],"wp:featuredmedia":[{"embeddable":true,"href":"https:\/\/nordesteimprensa.com.br\/index.php\/wp-json\/wp\/v2\/media\/6825"}],"wp:attachment":[{"href":"https:\/\/nordesteimprensa.com.br\/index.php\/wp-json\/wp\/v2\/media?parent=6824"}],"wp:term":[{"taxonomy":"category","embeddable":true,"href":"https:\/\/nordesteimprensa.com.br\/index.php\/wp-json\/wp\/v2\/categories?post=6824"},{"taxonomy":"post_tag","embeddable":true,"href":"https:\/\/nordesteimprensa.com.br\/index.php\/wp-json\/wp\/v2\/tags?post=6824"}],"curies":[{"name":"wp","href":"https:\/\/api.w.org\/{rel}","templated":true}]}}