{"id":6830,"date":"2025-02-22T10:44:30","date_gmt":"2025-02-22T13:44:30","guid":{"rendered":"https:\/\/nordesteimprensa.com.br\/?p=6830"},"modified":"2025-02-22T10:44:31","modified_gmt":"2025-02-22T13:44:31","slug":"justica-nega-pedido-da-torre-para-prorrogacao-de-contrato-com-a-prefeitura-de-aracaju","status":"publish","type":"post","link":"https:\/\/nordesteimprensa.com.br\/index.php\/2025\/02\/22\/justica-nega-pedido-da-torre-para-prorrogacao-de-contrato-com-a-prefeitura-de-aracaju\/","title":{"rendered":"Justi\u00e7a nega pedido da Torre para prorroga\u00e7\u00e3o de contrato com a Prefeitura de Aracaju"},"content":{"rendered":"\n<p>A Justi\u00e7a de Sergipe negou, na \u00faltima quinta-feira (20), o pedido de liminar feito pela empresa Torre Empreendimentos Rural e Constru\u00e7\u00e3o Ltda. para que seu contrato emergencial com a Empresa Municipal de Servi\u00e7os Urbanos (Emsurb) fosse prorrogado por tempo indeterminado.<\/p>\n\n\n\n<p><a href=\"https:\/\/imagens.f5news.com.br\/arquivos\/2024\/12\/torre-coleta-de-lixo_217741735576948.jpg\"><\/a>Felipe Goettenauer<\/p>\n\n\n\n<p>Na decis\u00e3o, o juiz Gustavo Adolfo Plech Pereira argumentou que cabe \u00e0 administra\u00e7\u00e3o p\u00fablica a escolha da empresa respons\u00e1vel pela coleta de lixo, respeitando a legisla\u00e7\u00e3o e as responsabilidades do ente p\u00fablico. Segundo o magistrado, &#8220;n\u00e3o cabe ao Estado Juiz pautar ou definir as regras insertas em qualquer procedimento administrativo, mas apenas zelar pela regularidade e legalidade do procedimento&#8221;.<\/p>\n\n\n\n<p>A Torre alegou que a Prefeitura de Aracaju n\u00e3o cumpriu com o cronograma de pagamento durante a vig\u00eancia do contrato emergencial n\u00ba 51\/2024, gerando uma d\u00edvida milion\u00e1ria e levando \u00e0 paralisa\u00e7\u00e3o da coleta de lixo no dia 30 de dezembro de 2024. Diante disso, a empresa argumentou que a prorroga\u00e7\u00e3o do contrato seria a \u00fanica alternativa para garantir a continuidade do servi\u00e7o.<\/p>\n\n\n\n<p>No entanto, o juiz destacou que a administra\u00e7\u00e3o municipal j\u00e1 iniciou um novo procedimento de contrata\u00e7\u00e3o emergencial (n\u00ba 48\/2025) para assegurar a continuidade da coleta de lixo na capital. Dessa forma, considerou que n\u00e3o h\u00e1 requisitos suficientes para conceder a tutela de urg\u00eancia solicitada pela Torre.<\/p>\n\n\n\n<p>Desde a \u00faltima quinta-feira (20), as empresas contratadas para realizar a coleta de lixo em Aracaju s\u00e3o a Renova Servi\u00e7os de Coleta Especializados LTDA e a Aksa Servi\u00e7os de Loca\u00e7\u00e3o de M\u00e3o de Obra. Com isso, a Prefeitura mant\u00e9m a execu\u00e7\u00e3o do servi\u00e7o por meio da nova dispensa emergencial.<\/p>\n\n\n\n<p>Fonte: F5News<\/p>\n","protected":false},"excerpt":{"rendered":"<p>A Justi\u00e7a de Sergipe negou, na \u00faltima quinta-feira (20), o pedido de liminar feito pela empresa Torre Empreendimentos Rural e Constru\u00e7\u00e3o Ltda. para que seu contrato emergencial com a Empresa Municipal de Servi\u00e7os Urbanos (Emsurb) fosse prorrogado por tempo indeterminado. Felipe Goettenauer Na decis\u00e3o, o juiz Gustavo Adolfo Plech Pereira argumentou que cabe \u00e0 administra\u00e7\u00e3o [&hellip;]<\/p>\n","protected":false},"author":6,"featured_media":6831,"comment_status":"open","ping_status":"open","sticky":false,"template":"","format":"standard","meta":{"footnotes":""},"categories":[10],"tags":[],"class_list":{"0":"post-6830","1":"post","2":"type-post","3":"status-publish","4":"format-standard","5":"has-post-thumbnail","7":"category-theme-features"},"_links":{"self":[{"href":"https:\/\/nordesteimprensa.com.br\/index.php\/wp-json\/wp\/v2\/posts\/6830","targetHints":{"allow":["GET"]}}],"collection":[{"href":"https:\/\/nordesteimprensa.com.br\/index.php\/wp-json\/wp\/v2\/posts"}],"about":[{"href":"https:\/\/nordesteimprensa.com.br\/index.php\/wp-json\/wp\/v2\/types\/post"}],"author":[{"embeddable":true,"href":"https:\/\/nordesteimprensa.com.br\/index.php\/wp-json\/wp\/v2\/users\/6"}],"replies":[{"embeddable":true,"href":"https:\/\/nordesteimprensa.com.br\/index.php\/wp-json\/wp\/v2\/comments?post=6830"}],"version-history":[{"count":1,"href":"https:\/\/nordesteimprensa.com.br\/index.php\/wp-json\/wp\/v2\/posts\/6830\/revisions"}],"predecessor-version":[{"id":6832,"href":"https:\/\/nordesteimprensa.com.br\/index.php\/wp-json\/wp\/v2\/posts\/6830\/revisions\/6832"}],"wp:featuredmedia":[{"embeddable":true,"href":"https:\/\/nordesteimprensa.com.br\/index.php\/wp-json\/wp\/v2\/media\/6831"}],"wp:attachment":[{"href":"https:\/\/nordesteimprensa.com.br\/index.php\/wp-json\/wp\/v2\/media?parent=6830"}],"wp:term":[{"taxonomy":"category","embeddable":true,"href":"https:\/\/nordesteimprensa.com.br\/index.php\/wp-json\/wp\/v2\/categories?post=6830"},{"taxonomy":"post_tag","embeddable":true,"href":"https:\/\/nordesteimprensa.com.br\/index.php\/wp-json\/wp\/v2\/tags?post=6830"}],"curies":[{"name":"wp","href":"https:\/\/api.w.org\/{rel}","templated":true}]}}