{"id":6836,"date":"2025-02-24T11:26:29","date_gmt":"2025-02-24T14:26:29","guid":{"rendered":"https:\/\/nordesteimprensa.com.br\/?p=6836"},"modified":"2025-02-24T11:26:29","modified_gmt":"2025-02-24T14:26:29","slug":"padeiro-acogueiro-mecanico-e-mais-confira-vagas-de-emprego-divulgadas-pelo-nat","status":"publish","type":"post","link":"https:\/\/nordesteimprensa.com.br\/index.php\/2025\/02\/24\/padeiro-acogueiro-mecanico-e-mais-confira-vagas-de-emprego-divulgadas-pelo-nat\/","title":{"rendered":"Padeiro, a\u00e7ogueiro, mec\u00e2nico e mais; confira vagas de emprego divulgadas pelo NAT"},"content":{"rendered":"\n<p>Nesta segunda-feira, 24, o N\u00facleo de Apoio ao Trabalho (NAT), setor vinculado \u00e0 Secretaria de Estado do Trabalho, Emprego e Empreendedorismo (Seteem), est\u00e1 com 58 vagas abertas para o mercado formal. Al\u00e9m das oportunidades para ampla concorr\u00eancia, h\u00e1 tamb\u00e9m vagas afirmativas para mulheres e para Pessoa com Defici\u00eancia (PcD).<br>\u00a0<br>Os trabalhadores podem se inscrever presencialmente na sede do \u00f3rg\u00e3o, localizada na rua Santa Luzia, n\u00ba 680, no bairro S\u00e3o Jos\u00e9. O atendimento ocorre de segunda a sexta-feira, das 7h \u00e0s 13h, e para fazer o cadastro, \u00e9 necess\u00e1rio levar RG, CPF, CTPS (f\u00edsica ou digital), comprovante de resid\u00eancia atualizado, al\u00e9m de curr\u00edculo e certificados de qualifica\u00e7\u00e3o que possuir. PcD deve levar tamb\u00e9m o laudo m\u00e9dio atualizado.<br>\u00a0<br><strong>Confira mais detalhes sobre as vagas dispon\u00edveis:<\/strong><br>\u00a0<br><strong>2 vagas para motorista entregador<\/strong><br>Segmento: ind\u00fastria de panifica\u00e7\u00e3o<br>Requisitos: ensino m\u00e9dio completo, habilita\u00e7\u00e3o categoria C ou D, experi\u00eancia na fun\u00e7\u00e3o e curso de dire\u00e7\u00e3o defensiva e segura.<br>\u00a0<br><strong>3 vagas para auxiliar de cozinha<\/strong><br>Segmento: fornecimento de alimentos<br>Requisitos: experi\u00eancia na fun\u00e7\u00e3o comprovada em CTPS.<br>\u00a0<br><strong>2 vagas para sevi\u00e7os gerais<\/strong><br>Segmento: fornecimento de alimentos<br>Sem requisitos.<br>\u00a0<br><strong>2 vagas para gar\u00e7om<\/strong><br>Segmento: fornecimento de alimentos<br>Requisitos: experi\u00eancia na fun\u00e7\u00e3o comprovada em CTPS.<br>\u00a0<br><strong>2 vagas para cozinheiro (a)<\/strong><br>Segmento: fornecimento de alimentos<br>Requisitos: experi\u00eancia na fun\u00e7\u00e3o comprovada em CTPS.<br>\u00a0<br><strong>2 vagas para barista<\/strong><br>Segmento: fornecimento de alimentos<br>Requisitos: experi\u00eancia na fun\u00e7\u00e3o comprovada em CTPS.<br>\u00a0<br><strong>1 vaga para padeiro (a)<\/strong><br>Segmento: fornecimento de alimentos<br>Requisitos: experi\u00eancia na fun\u00e7\u00e3o comprovada em CTPS.<br>\u00a0<br><strong>1 vaga para doceiro (a)<\/strong><br>Segmento: fornecimento de alimentos<br>Requisitos: experi\u00eancia na fun\u00e7\u00e3o comprovada em CTPS.<br>\u00a0<br><strong>1 vaga para serigrafista<\/strong><br>Segmento: personalizados<br>Requisitos: ensino m\u00e9dio completo, 6 meses de experi\u00eancia na fun\u00e7\u00e3o comprovada em CTPS e especialidade em estamparia atrav\u00e9s de silk e sublima\u00e7\u00e3o.<br>\u00a0<br><strong>2 vagas para costureiro (a)<\/strong><br>Segmento: personalizados<br>Requisitos: ensino m\u00e9dio completo, 6 meses de experi\u00eancia na fun\u00e7\u00e3o comprovada em CTPS e especialidade em roupa social e profissional (fardamento).<br>\u00a0<br><strong>1 vaga para auxiliar de log\u00edstica<\/strong><br>Segmento: log\u00edstica<br>Requisitos: ensino m\u00e9dio completo e experi\u00eancia na fun\u00e7\u00e3o comprovada em CTPS.<br>\u00a0<br><strong>1 vaga para sevi\u00e7os gerais<\/strong><br>Segmento: tratamento de pisos<br>Requisitos: experi\u00eancia com polimento e revitaliza\u00e7\u00e3o de piso.<br>\u00a0<br><strong>1 vaga para auxiliar de sa\u00fade bucal \u2013 ASB<\/strong><br>Segmento: ensino<br>Requisitos: ensino m\u00e9dio completo e experi\u00eancia na fun\u00e7\u00e3o comprovada em CTPS.<br>\u00a0<br><strong>1 vaga para auxilair administrativo<\/strong><br>Segmento: com\u00e9rcio<br>Requisitos: ensino m\u00e9dio completo e experi\u00eancia na fun\u00e7\u00e3o comprovada em CTPS.<br>\u00a0<br><strong>1 vaga para gar\u00e7om<\/strong><br>Segmento: bar\/petiscaria<br>Requisitos: experi\u00eancia na fun\u00e7\u00e3o.<br>\u00a0<br><strong>1 vaga para cozinheiro<\/strong><br>Segmento: bar\/petiscaria<br>Requisitos: experi\u00eancia na fun\u00e7\u00e3o.<br>\u00a0<br><strong>5 vagas para mec\u00e2nico<\/strong><br>Segmento: servi\u00e7os automotivos<br>Requisitos: experi\u00eancia na fun\u00e7\u00e3o.<br>\u00a0<br><strong>5 vagas para \u00a0trocador de \u00f3leo<\/strong><br>Segmento: servi\u00e7os automotivos<br>Requisitos: ensino m\u00e9dio completo e experi\u00eancia na fun\u00e7\u00e3o.<br>\u00a0<br><strong>5 vagas para \u00a0a\u00e7ougueiro<\/strong><br>Segmento: conveni\u00eancia<br>Requisitos: ensino fundamental e experi\u00eancia na fun\u00e7\u00e3o.<br>\u00a0<br><strong>5 vagas para padeiro<\/strong><br>Segmento: conveni\u00eancia<br>Requisitos: experi\u00eancia na fun\u00e7\u00e3o.<br>\u00a0<br><strong>1 vaga para torneiro mec\u00e2nico<\/strong><br>Segmento: servi\u00e7os gerais<br>Requisitos: ensino m\u00e9dio completo, curso de tornearia mec\u00e2nica em entidade de ensino reconhecida pelo MEC, habilita\u00e7\u00e3o em leitura e interpreta\u00e7\u00e3o de desenho t\u00e9cnico, ajustagem e toler\u00e2ncia de materiais e manuseio de ferramentas de medi\u00e7\u00e3o; habilidade comprovada em balanceamento de pe\u00e7as e em opera\u00e7\u00e3o de plaina limadora, furadeira radial e de coluna; experi\u00eancia m\u00ednima de seis meses na fun\u00e7\u00e3o comprovada em CTPS.<br>\u00a0<br><strong>2 vagas para consultor de vendas\u00a0<\/strong><br>Segmento: hospitalar<br>Requisitos: ensino m\u00e9dio completo, experi\u00eancia na fun\u00e7\u00e3o comprovada em CTPS preferencialmente na \u00e1rea hospitalar e conhecimento sobre CRM ser\u00e1 um diferencial.<br>\u00a0<br><strong>1 vaga para mec\u00e2nico\u00a0<\/strong><br>Segmento: oficina<br>Requisitos: fundamental completo, conhecimento t\u00e9cnico, experi\u00eancia na \u00e1rea e habilidade em leitura e interpreta\u00e7\u00e3o de manuais t\u00e9cnicos; disponibilidade para trabalhar em Nossa Sra. do Socorro.<br>\u00a0<br><strong>1 vaga para auxiliar de mec\u00e2nico<\/strong><br>Segmento: oficina mec\u00e2nica<br>Requisitos: ensino fundamental completo, conhecimento b\u00e1sico em mec\u00e2nica, disposi\u00e7\u00e3o para aprender e disponibilidade para trabalhar em Nossa Sra. do Socorro.<br>\u00a0<br><strong>Vagas afirmativas para mulheres<\/strong><br>\u00a0<br><strong>3 vagas para vendedora interna<\/strong><br>Segmento: loja de bolsas, sapatos e acess\u00f3rios<br>Requisitos: m\u00e9dio completo, experi\u00eancia m\u00ednima de seis meses (comprovada em ctps) e disponibilidade de hor\u00e1rio.<br>\u00a0<br><strong>1 vaga para secret\u00e1ria\/recepcionista<\/strong><br>Segmento: consultoria<br>Requisitos: m\u00e9dio completo, conhecimento em inform\u00e1tica e m\u00ednimo de seis meses de experi\u00eancia na fun\u00e7\u00e3o comprovada em CTPS.<br>\u00a0<br><strong>1 vaga para operadora de caixa<\/strong><br>Segmento: fornecedor de alimentos<br>Requisitos: experi\u00eancia na fun\u00e7\u00e3o comprovada em CTPS.<br>\u00a0<br><strong>2 vagas para atendente de vitrine<\/strong><br>Segmento: fornecedor de alimentos<br>Sem pr\u00e9 requisitos.<br>\u00a0<br><strong>1 vaga para oficial de cozinha<\/strong><br>Segmento: alimenta\u00e7\u00e3o<br>Requisitos: fundamental completo e 6 meses de experi\u00eancia na fun\u00e7\u00e3o comprovada em CTPS.<br>\u00a0<br><strong>Vagas afirmativas para Pessoa com Defici\u00eancia (PcD)<\/strong><br>\u00a0<br><strong>1 vaga para recpecionista<\/strong><br>Requisitos: ensino m\u00e9dio completo e seis meses de experi\u00eancia na fun\u00e7\u00e3o (necess\u00e1rio saber menusear computador).<\/p>\n\n\n\n<p>Fonte: Fanf1<\/p>\n\n\n\n<p><\/p>\n","protected":false},"excerpt":{"rendered":"<p>Nesta segunda-feira, 24, o N\u00facleo de Apoio ao Trabalho (NAT), setor vinculado \u00e0 Secretaria de Estado do Trabalho, Emprego e Empreendedorismo (Seteem), est\u00e1 com 58 vagas abertas para o mercado formal. Al\u00e9m das oportunidades para ampla concorr\u00eancia, h\u00e1 tamb\u00e9m vagas afirmativas para mulheres e para Pessoa com Defici\u00eancia (PcD).\u00a0Os trabalhadores podem se inscrever presencialmente na [&hellip;]<\/p>\n","protected":false},"author":6,"featured_media":6838,"comment_status":"open","ping_status":"open","sticky":false,"template":"","format":"standard","meta":{"footnotes":""},"categories":[10],"tags":[],"class_list":{"0":"post-6836","1":"post","2":"type-post","3":"status-publish","4":"format-standard","5":"has-post-thumbnail","7":"category-theme-features"},"_links":{"self":[{"href":"https:\/\/nordesteimprensa.com.br\/index.php\/wp-json\/wp\/v2\/posts\/6836","targetHints":{"allow":["GET"]}}],"collection":[{"href":"https:\/\/nordesteimprensa.com.br\/index.php\/wp-json\/wp\/v2\/posts"}],"about":[{"href":"https:\/\/nordesteimprensa.com.br\/index.php\/wp-json\/wp\/v2\/types\/post"}],"author":[{"embeddable":true,"href":"https:\/\/nordesteimprensa.com.br\/index.php\/wp-json\/wp\/v2\/users\/6"}],"replies":[{"embeddable":true,"href":"https:\/\/nordesteimprensa.com.br\/index.php\/wp-json\/wp\/v2\/comments?post=6836"}],"version-history":[{"count":1,"href":"https:\/\/nordesteimprensa.com.br\/index.php\/wp-json\/wp\/v2\/posts\/6836\/revisions"}],"predecessor-version":[{"id":6837,"href":"https:\/\/nordesteimprensa.com.br\/index.php\/wp-json\/wp\/v2\/posts\/6836\/revisions\/6837"}],"wp:featuredmedia":[{"embeddable":true,"href":"https:\/\/nordesteimprensa.com.br\/index.php\/wp-json\/wp\/v2\/media\/6838"}],"wp:attachment":[{"href":"https:\/\/nordesteimprensa.com.br\/index.php\/wp-json\/wp\/v2\/media?parent=6836"}],"wp:term":[{"taxonomy":"category","embeddable":true,"href":"https:\/\/nordesteimprensa.com.br\/index.php\/wp-json\/wp\/v2\/categories?post=6836"},{"taxonomy":"post_tag","embeddable":true,"href":"https:\/\/nordesteimprensa.com.br\/index.php\/wp-json\/wp\/v2\/tags?post=6836"}],"curies":[{"name":"wp","href":"https:\/\/api.w.org\/{rel}","templated":true}]}}