{"id":6847,"date":"2025-02-25T10:08:55","date_gmt":"2025-02-25T13:08:55","guid":{"rendered":"https:\/\/nordesteimprensa.com.br\/?p=6847"},"modified":"2025-02-25T10:08:56","modified_gmt":"2025-02-25T13:08:56","slug":"jovem-morre-afogado-durante-trilha-em-itabaiana","status":"publish","type":"post","link":"https:\/\/nordesteimprensa.com.br\/index.php\/2025\/02\/25\/jovem-morre-afogado-durante-trilha-em-itabaiana\/","title":{"rendered":"JOVEM MORRE AFOGADO DURANTE TRILHA EM ITABAIANA"},"content":{"rendered":"\n<p>Nesta ter\u00e7a-feira (25), o Corpo de Bombeiros Militar de Sergipe (CBMSE) confirmou o resgate do corpo de um jovem que estava realizando uma trilha em uma regi\u00e3o conhecida como Po\u00e7o da Ribeira, em Itabaiana. A acidente ocorreu no domingo (23).<\/p>\n\n\n\n<p>Segundo a corpora\u00e7\u00e3o, a v\u00edtima estava com um grupo de excursionistas e, ao decidir entrar na \u00e1gua para tomar banho com os amigos, se afogou. A equipe de mergulho encontrou o corpo pr\u00f3ximo ao local do incidente, a uma profundidade aproximada de 6 metros.<\/p>\n\n\n\n<p>O Portal A8SE entrou em contato com a ag\u00eancia de turismo respons\u00e1vel pela excurs\u00e3o, mas, at\u00e9 o momento, n\u00e3o obteve retorno sobre o assunto.<\/p>\n\n\n\n<p>Fonte: A8se<\/p>\n","protected":false},"excerpt":{"rendered":"<p>Nesta ter\u00e7a-feira (25), o Corpo de Bombeiros Militar de Sergipe (CBMSE) confirmou o resgate do corpo de um jovem que estava realizando uma trilha em uma regi\u00e3o conhecida como Po\u00e7o da Ribeira, em Itabaiana. A acidente ocorreu no domingo (23). Segundo a corpora\u00e7\u00e3o, a v\u00edtima estava com um grupo de excursionistas e, ao decidir entrar [&hellip;]<\/p>\n","protected":false},"author":6,"featured_media":6848,"comment_status":"open","ping_status":"open","sticky":false,"template":"","format":"standard","meta":{"footnotes":""},"categories":[10],"tags":[],"class_list":{"0":"post-6847","1":"post","2":"type-post","3":"status-publish","4":"format-standard","5":"has-post-thumbnail","7":"category-theme-features"},"_links":{"self":[{"href":"https:\/\/nordesteimprensa.com.br\/index.php\/wp-json\/wp\/v2\/posts\/6847","targetHints":{"allow":["GET"]}}],"collection":[{"href":"https:\/\/nordesteimprensa.com.br\/index.php\/wp-json\/wp\/v2\/posts"}],"about":[{"href":"https:\/\/nordesteimprensa.com.br\/index.php\/wp-json\/wp\/v2\/types\/post"}],"author":[{"embeddable":true,"href":"https:\/\/nordesteimprensa.com.br\/index.php\/wp-json\/wp\/v2\/users\/6"}],"replies":[{"embeddable":true,"href":"https:\/\/nordesteimprensa.com.br\/index.php\/wp-json\/wp\/v2\/comments?post=6847"}],"version-history":[{"count":1,"href":"https:\/\/nordesteimprensa.com.br\/index.php\/wp-json\/wp\/v2\/posts\/6847\/revisions"}],"predecessor-version":[{"id":6849,"href":"https:\/\/nordesteimprensa.com.br\/index.php\/wp-json\/wp\/v2\/posts\/6847\/revisions\/6849"}],"wp:featuredmedia":[{"embeddable":true,"href":"https:\/\/nordesteimprensa.com.br\/index.php\/wp-json\/wp\/v2\/media\/6848"}],"wp:attachment":[{"href":"https:\/\/nordesteimprensa.com.br\/index.php\/wp-json\/wp\/v2\/media?parent=6847"}],"wp:term":[{"taxonomy":"category","embeddable":true,"href":"https:\/\/nordesteimprensa.com.br\/index.php\/wp-json\/wp\/v2\/categories?post=6847"},{"taxonomy":"post_tag","embeddable":true,"href":"https:\/\/nordesteimprensa.com.br\/index.php\/wp-json\/wp\/v2\/tags?post=6847"}],"curies":[{"name":"wp","href":"https:\/\/api.w.org\/{rel}","templated":true}]}}